{"id":148460,"date":"2020-01-23T11:16:04","date_gmt":"2020-01-23T14:16:04","guid":{"rendered":"http:\/\/www.caririemacao.com\/1\/?p=148460"},"modified":"2020-01-23T11:16:07","modified_gmt":"2020-01-23T14:16:07","slug":"campinense-encara-sport-lagoa-seca-no-encerramento-da-primeira-rodada","status":"publish","type":"post","link":"https:\/\/www.caririemacao.com\/1\/2020\/01\/23\/campinense-encara-sport-lagoa-seca-no-encerramento-da-primeira-rodada\/","title":{"rendered":"Campinense encara Sport Lagoa Seca no encerramento da primeira rodada"},"content":{"rendered":"\n<p><br>Ap\u00f3s todos os integrantes do Grupo B perderem seus jogos, o Campinense entra em campo logo mais, \u00e0s 20h15, no est\u00e1dio Amig\u00e3o, para enfrentar o Sport Lagoa Seca no encerramento da primeira rodada do Campeonato Paraibano 2020.<\/p>\n\n\n\n<figure class=\"wp-block-image\"><img decoding=\"async\" data-src=\"https:\/\/paraibaonline.com.br\/wp-content\/uploads\/2020\/01\/CC_2020-1.jpg\" alt=\"Para\u00edba Online \u2022 Campinense encara Sport Lagoa Seca no encerramento da primeira rodada\" class=\"wp-image-832468 lazyload\" src=\"data:image\/svg+xml;base64,PHN2ZyB3aWR0aD0iMSIgaGVpZ2h0PSIxIiB4bWxucz0iaHR0cDovL3d3dy53My5vcmcvMjAwMC9zdmciPjwvc3ZnPg==\" \/><\/figure>\n\n\n\n<p>Foto: Ascom \/ Campinense<\/p>\n\n\n\n<p>Uma vit\u00f3ria, ou at\u00e9 o empate, deixar\u00e1 a Raposa na lideran\u00e7a da chave, uma vez que Sousa, S\u00e3o Paulo Crystal, CSP e Nacional de Patos foram derrotados.<\/p>\n\n\n\n<p>A grande aposta rubro-negra para a temporada \u00e9 o t\u00e9cnico Oliveira Canind\u00e9, campe\u00e3o do Nordeste com o clube em 2013.<\/p>\n\n\n\n<p>Em um momento de baixa na carreira, o treinador volta ao Alto da Bela Vista para tentar se reerguer junto com o Campinense, que desde o final de 2018 vive acentuada crise financeira.<\/p>\n\n\n\n<p>Com um time de jovens, mesclado com nomes experientes como o goleiro Pantera e os atacantes Z\u00e9 Paulo e F\u00e1bio J\u00fanior, Canind\u00e9 se mostra otimista em rela\u00e7\u00e3o ao desempenho raposeiro no Paraibano.<\/p>\n\n\n\n<figure class=\"wp-block-image\"><img decoding=\"async\" data-src=\"https:\/\/paraibaonline.com.br\/wp-content\/uploads\/2020\/01\/OliveiraCaninde_CC-567x384.jpg\" alt=\"Para\u00edba Online \u2022 Campinense encara Sport Lagoa Seca no encerramento da primeira rodada\" class=\"wp-image-832469 lazyload\" src=\"data:image\/svg+xml;base64,PHN2ZyB3aWR0aD0iMSIgaGVpZ2h0PSIxIiB4bWxucz0iaHR0cDovL3d3dy53My5vcmcvMjAwMC9zdmciPjwvc3ZnPg==\" style=\"--smush-placeholder-width: 567px; --smush-placeholder-aspect-ratio: 567\/384;\" \/><\/figure>\n\n\n\n<p>Foto: Ascom \/ Campinense<\/p>\n\n\n\n<p>\u2013 Estou muito confiante e contente por estar aqui. Esperan\u00e7oso de que n\u00f3s iniciemos uma trajet\u00f3ria de sucesso. Claro que respeitamos todos os advers\u00e1rios, mas a vontade e o poder de supera\u00e7\u00e3o que entregarmos a cada partida far\u00e1 com que nossa equipe cres\u00e7a no decorrer da temporada. Estou muito ansioso para poder competir, medir for\u00e7as e enxergar como a minha equipe se comportar\u00e1. Tenho certeza que o torcedor estar\u00e1 conosco e abra\u00e7ar\u00e1 esse time em busca dos objetivos tra\u00e7ados \u2013 destacou o treinador, na coletiva de pr\u00e9-jogo.<\/p>\n\n\n\n<p>O comandante da Raposa tem quase todos os jogadores do elenco \u00e0 disposi\u00e7\u00e3o. Somente F\u00e1bio J\u00fanior, ainda sem regulariza\u00e7\u00e3o, o volante Gabriel Vieira, o meia Joilson e o atacante Rhuann, todos recondicionando a parte f\u00edsica, n\u00e3o v\u00e3o para o jogo.<\/p>\n\n\n\n<p>No Sport Lagoa Seca, atual campe\u00e3o da Segundinha do estadual, a miss\u00e3o do t\u00e9cnico J\u00e2nio Fialho \u00e9 manter a equipe na elite.<\/p>\n\n\n\n<p>Com a base de 2019 mantida e algumas poucas modifica\u00e7\u00f5es, a expectativa dos desportista da cidade \u00e9 saber se o Carneiro vai sentir a diferen\u00e7a entre disputar e vencer uma divis\u00e3o de acesso e estrear no Paraibano logo contra um dos grandes do estado.<\/p>\n\n\n\n<p><strong>Arbitragem<\/strong><\/p>\n\n\n\n<p>Josemarques Domingues apita Campinense x Sport Lagoa Seca. Ele contar\u00e1 com as assist\u00eancias de Ada\u00edlton Anacleto Gomes e Herioberto Henrique da Silva. O quarto \u00e1rbitro ser\u00e1 Gilberto Pereira Sobral.<\/p>\n\n\n\n<p><strong>Prov\u00e1veis escala\u00e7\u00f5es<\/strong><\/p>\n\n\n\n<p><strong>Campinense:<\/strong>&nbsp;Ad\u00edlson J\u00fanior, Aleffe, Uesles, Matheus Camargo e Mattheus Silva; Peu, Robertinho e Vin\u00edcius Vargas; Rom\u00e1rio Becker, Ca\u00edque (Rafael Ibiapino) e Z\u00e9 Paulo. T\u00e9cnico: Oliveira Canind\u00e9.<\/p>\n\n\n\n<p><strong>Sport Lagoa Seca<\/strong>: Careca, Anderson, Jonny, F\u00e1bio e Luquinha; Anderson Recife, Guilherme, Diguinho e Nino Para\u00edba; Juninho e Claudio. T\u00e9cnico: J\u00e2nio Fialho.<\/p>\n","protected":false},"excerpt":{"rendered":"<p>Ap\u00f3s todos os integrantes do Grupo B perderem seus jogos, o Campinense entra em campo logo mais, \u00e0s 20h15, no est\u00e1dio Amig\u00e3o, para enfrentar o&hellip; <\/p>\n","protected":false},"author":1,"featured_media":148465,"comment_status":"closed","ping_status":"closed","sticky":false,"template":"","format":"standard","meta":{"sfsi_plus_gutenberg_text_before_share":"","sfsi_plus_gutenberg_show_text_before_share":"","sfsi_plus_gutenberg_icon_type":"","sfsi_plus_gutenberg_icon_alignemt":"","sfsi_plus_gutenburg_max_per_row":"","footnotes":""},"categories":[13],"tags":[],"class_list":["post-148460","post","type-post","status-publish","format-standard","has-post-thumbnail","hentry","category-esportes"],"_links":{"self":[{"href":"https:\/\/www.caririemacao.com\/1\/wp-json\/wp\/v2\/posts\/148460","targetHints":{"allow":["GET"]}}],"collection":[{"href":"https:\/\/www.caririemacao.com\/1\/wp-json\/wp\/v2\/posts"}],"about":[{"href":"https:\/\/www.caririemacao.com\/1\/wp-json\/wp\/v2\/types\/post"}],"author":[{"embeddable":true,"href":"https:\/\/www.caririemacao.com\/1\/wp-json\/wp\/v2\/users\/1"}],"replies":[{"embeddable":true,"href":"https:\/\/www.caririemacao.com\/1\/wp-json\/wp\/v2\/comments?post=148460"}],"version-history":[{"count":1,"href":"https:\/\/www.caririemacao.com\/1\/wp-json\/wp\/v2\/posts\/148460\/revisions"}],"predecessor-version":[{"id":148466,"href":"https:\/\/www.caririemacao.com\/1\/wp-json\/wp\/v2\/posts\/148460\/revisions\/148466"}],"wp:featuredmedia":[{"embeddable":true,"href":"https:\/\/www.caririemacao.com\/1\/wp-json\/wp\/v2\/media\/148465"}],"wp:attachment":[{"href":"https:\/\/www.caririemacao.com\/1\/wp-json\/wp\/v2\/media?parent=148460"}],"wp:term":[{"taxonomy":"category","embeddable":true,"href":"https:\/\/www.caririemacao.com\/1\/wp-json\/wp\/v2\/categories?post=148460"},{"taxonomy":"post_tag","embeddable":true,"href":"https:\/\/www.caririemacao.com\/1\/wp-json\/wp\/v2\/tags?post=148460"}],"curies":[{"name":"wp","href":"https:\/\/api.w.org\/{rel}","templated":true}]}}