{"id":148469,"date":"2020-01-23T11:18:44","date_gmt":"2020-01-23T14:18:44","guid":{"rendered":"http:\/\/www.caririemacao.com\/1\/?p=148469"},"modified":"2020-01-23T11:18:45","modified_gmt":"2020-01-23T14:18:45","slug":"ufpb-oferta-60-vagas-para-formacao-de-gestores-em-educacao-popular","status":"publish","type":"post","link":"https:\/\/www.caririemacao.com\/1\/2020\/01\/23\/ufpb-oferta-60-vagas-para-formacao-de-gestores-em-educacao-popular\/","title":{"rendered":"UFPB oferta 60 vagas para forma\u00e7\u00e3o de gestores em educa\u00e7\u00e3o popular"},"content":{"rendered":"\n<p>A Universidade Federal da Para\u00edba (UFPB) oferta 60 vagas para o curso de extens\u00e3o Forma\u00e7\u00e3o de Gestores em Educa\u00e7\u00e3o Popular (Fogep), no Campus I, em Jo\u00e3o Pessoa.<\/p>\n\n\n\n<p>Interessados podem se inscrever&nbsp;at\u00e9 07 de fevereiro, no&nbsp;<a href=\"https:\/\/sigaa.ufpb.br\/sigaa\/public\/extensao\/paginaListaPeriodosInscricoesAtividadesPublico.jsf\">Sistema Integrado de Gest\u00e3o de Atividades Acad\u00eamicas<\/a>&nbsp;(Sigaa).<\/p>\n\n\n\n<p>O curso ter\u00e1 carga hor\u00e1ria total de 60h e dura\u00e7\u00e3o aproximada de quatro meses. As aulas acontecer\u00e3o no Centro de Educa\u00e7\u00e3o (CE) da UFPB, nos s\u00e1bados pela manh\u00e3 de 08 de fevereiro at\u00e9 30 de maio.<\/p>\n\n\n\n<p>De acordo com o coordenador do projeto, professor Marcos Angelus de Alcantara, a iniciativa consiste em uma forma\u00e7\u00e3o voltada para profissionais da educa\u00e7\u00e3o b\u00e1sica de Jo\u00e3o Pessoa, vinculados \u00e0 rede municipal e estadual de ensino, que tenham interesse em discutir a tem\u00e1tica.<\/p>\n\n\n\n<p>\u201c\u00c9 uma a\u00e7\u00e3o que inseriu estudantes do curso de Pedagogia da UFPB no processo de extens\u00e3o. Eles se envolveram na elabora\u00e7\u00e3o da proposta, bem como na divulga\u00e7\u00e3o para mapear interessados em participar da atividade. Em suma, buscamos difundir os princ\u00edpios da educa\u00e7\u00e3o popular nas pr\u00e1ticas cotidianas da gest\u00e3o das escolas p\u00fablicas\u201d, ressalta.<\/p>\n\n\n\n<p>Esta ser\u00e1 a primeira edi\u00e7\u00e3o do curso de extens\u00e3o, que se divide em tr\u00eas m\u00f3dulos com mesas redondas, oficinas, relatos de experi\u00eancia e semin\u00e1rios.<\/p>\n\n\n\n<p>Os m\u00f3dulos e conte\u00fados ir\u00e3o abranger \u201cGest\u00e3o da Educa\u00e7\u00e3o B\u00e1sica\u201d, \u201cGest\u00e3o Curricular\u201d e \u201cGest\u00e3o Escolar\u201d em suas rela\u00e7\u00f5es com a Educa\u00e7\u00e3o Popular.<\/p>\n\n\n\n<p>Temas como movimentos sociais, direitos humanos, rela\u00e7\u00f5es de g\u00eanero, arte-educa\u00e7\u00e3o e educa\u00e7\u00e3o popular em sa\u00fade far\u00e3o parte dos debates do curso.<\/p>\n","protected":false},"excerpt":{"rendered":"<p>A Universidade Federal da Para\u00edba (UFPB) oferta 60 vagas para o curso de extens\u00e3o Forma\u00e7\u00e3o de Gestores em Educa\u00e7\u00e3o Popular (Fogep), no Campus I, em&hellip; <\/p>\n","protected":false},"author":1,"featured_media":147414,"comment_status":"closed","ping_status":"closed","sticky":false,"template":"","format":"standard","meta":{"sfsi_plus_gutenberg_text_before_share":"","sfsi_plus_gutenberg_show_text_before_share":"","sfsi_plus_gutenberg_icon_type":"","sfsi_plus_gutenberg_icon_alignemt":"","sfsi_plus_gutenburg_max_per_row":"","footnotes":""},"categories":[14],"tags":[],"class_list":["post-148469","post","type-post","status-publish","format-standard","has-post-thumbnail","hentry","category-educacao"],"_links":{"self":[{"href":"https:\/\/www.caririemacao.com\/1\/wp-json\/wp\/v2\/posts\/148469","targetHints":{"allow":["GET"]}}],"collection":[{"href":"https:\/\/www.caririemacao.com\/1\/wp-json\/wp\/v2\/posts"}],"about":[{"href":"https:\/\/www.caririemacao.com\/1\/wp-json\/wp\/v2\/types\/post"}],"author":[{"embeddable":true,"href":"https:\/\/www.caririemacao.com\/1\/wp-json\/wp\/v2\/users\/1"}],"replies":[{"embeddable":true,"href":"https:\/\/www.caririemacao.com\/1\/wp-json\/wp\/v2\/comments?post=148469"}],"version-history":[{"count":1,"href":"https:\/\/www.caririemacao.com\/1\/wp-json\/wp\/v2\/posts\/148469\/revisions"}],"predecessor-version":[{"id":148471,"href":"https:\/\/www.caririemacao.com\/1\/wp-json\/wp\/v2\/posts\/148469\/revisions\/148471"}],"wp:featuredmedia":[{"embeddable":true,"href":"https:\/\/www.caririemacao.com\/1\/wp-json\/wp\/v2\/media\/147414"}],"wp:attachment":[{"href":"https:\/\/www.caririemacao.com\/1\/wp-json\/wp\/v2\/media?parent=148469"}],"wp:term":[{"taxonomy":"category","embeddable":true,"href":"https:\/\/www.caririemacao.com\/1\/wp-json\/wp\/v2\/categories?post=148469"},{"taxonomy":"post_tag","embeddable":true,"href":"https:\/\/www.caririemacao.com\/1\/wp-json\/wp\/v2\/tags?post=148469"}],"curies":[{"name":"wp","href":"https:\/\/api.w.org\/{rel}","templated":true}]}}