{"id":148517,"date":"2020-01-23T11:46:08","date_gmt":"2020-01-23T14:46:08","guid":{"rendered":"http:\/\/www.caririemacao.com\/1\/?p=148517"},"modified":"2020-01-23T11:46:10","modified_gmt":"2020-01-23T14:46:10","slug":"alta-da-carne-perde-forca-e-previa-da-inflacao-fica-em-071","status":"publish","type":"post","link":"https:\/\/www.caririemacao.com\/1\/2020\/01\/23\/alta-da-carne-perde-forca-e-previa-da-inflacao-fica-em-071\/","title":{"rendered":"Alta da carne perde for\u00e7a, e pr\u00e9via da infla\u00e7\u00e3o fica em 0,71%"},"content":{"rendered":"\n<p>A desacelera\u00e7\u00e3o no pre\u00e7o da carne contribuiu para que o IPCA-15 (\u00cdndice Nacional de Pre\u00e7os ao Consumidor Amplo 15) marcasse 0,71% em janeiro de 2020, divulgou nesta quinta-feira (23) o IBGE.<\/p>\n\n\n\n<p>As carnes passaram de uma alta de 17,71% em dezembro para 4,83% em janeiro. Mesmo assim, exerceram contribui\u00e7\u00e3o de 0,15 ponto percentual no \u00edndice do IPCA-15.<\/p>\n\n\n\n<p>O resultado do m\u00eas \u00e9 o maior para janeiro desde 2016, quando registrou 0,92%. Em 12 meses, acumula alta de 4,34%. J\u00e1 em janeiro do ano passado, ficou em 0,30%.<\/p>\n\n\n\n<p>Dos nove grupos de produtos e servi\u00e7os pesquisados pelo IBGE, sete apresentaram alta. A maior varia\u00e7\u00e3o foi do grupo de Alimenta\u00e7\u00e3o e bebidas, com 1,83%, e ainda um impacto de 0,45 ponto percentual no \u00edndice. Mesmo assim, o setor desacelerou, j\u00e1 que no m\u00eas anterior marcou 2,59%.<\/p>\n\n\n\n<p>Outro grupo que contribuiu bastante foi transportes, com 0,92% e contribui\u00e7\u00e3o de 0,17 ponto percentual no \u00edndice do m\u00eas.<\/p>\n\n\n\n<p>O desempenho de transportes foi impactado pelos pre\u00e7os da gasolina e reajustes de passagens dos \u00f4nibus urbano, principalmente em Bras\u00edlia e S\u00e3o Paulo. As tarifas de t\u00e1xi tamb\u00e9m subiram, em especial no Rio de Janeiro, assim como os \u00f4nibus interestaduais, em Salvador.&nbsp;<\/p>\n\n\n\n<p>Em contrapartida, as passagens a\u00e9reas ca\u00edram 6,45%, ap\u00f3s alta de 15,63% no IPCA-15 de dezembro.<\/p>\n\n\n\n<p>Por outro lado, influenciado pela queda de 2,11% na energia el\u00e9trica, o item Habita\u00e7\u00e3o caiu 0,14%, um impacto de 0,02 ponto percentual na marca mensal geral, enquanto Artigos de resid\u00eancia, com 0,01%, e Despesas pessoais, com 0,47%, foram outros a registrar queda.<\/p>\n","protected":false},"excerpt":{"rendered":"<p>A desacelera\u00e7\u00e3o no pre\u00e7o da carne contribuiu para que o IPCA-15 (\u00cdndice Nacional de Pre\u00e7os ao Consumidor Amplo 15) marcasse 0,71% em janeiro de 2020,&hellip; <\/p>\n","protected":false},"author":1,"featured_media":145740,"comment_status":"closed","ping_status":"closed","sticky":false,"template":"","format":"standard","meta":{"sfsi_plus_gutenberg_text_before_share":"","sfsi_plus_gutenberg_show_text_before_share":"","sfsi_plus_gutenberg_icon_type":"","sfsi_plus_gutenberg_icon_alignemt":"","sfsi_plus_gutenburg_max_per_row":"","footnotes":""},"categories":[2],"tags":[],"class_list":["post-148517","post","type-post","status-publish","format-standard","has-post-thumbnail","hentry","category-geral"],"_links":{"self":[{"href":"https:\/\/www.caririemacao.com\/1\/wp-json\/wp\/v2\/posts\/148517","targetHints":{"allow":["GET"]}}],"collection":[{"href":"https:\/\/www.caririemacao.com\/1\/wp-json\/wp\/v2\/posts"}],"about":[{"href":"https:\/\/www.caririemacao.com\/1\/wp-json\/wp\/v2\/types\/post"}],"author":[{"embeddable":true,"href":"https:\/\/www.caririemacao.com\/1\/wp-json\/wp\/v2\/users\/1"}],"replies":[{"embeddable":true,"href":"https:\/\/www.caririemacao.com\/1\/wp-json\/wp\/v2\/comments?post=148517"}],"version-history":[{"count":1,"href":"https:\/\/www.caririemacao.com\/1\/wp-json\/wp\/v2\/posts\/148517\/revisions"}],"predecessor-version":[{"id":148522,"href":"https:\/\/www.caririemacao.com\/1\/wp-json\/wp\/v2\/posts\/148517\/revisions\/148522"}],"wp:featuredmedia":[{"embeddable":true,"href":"https:\/\/www.caririemacao.com\/1\/wp-json\/wp\/v2\/media\/145740"}],"wp:attachment":[{"href":"https:\/\/www.caririemacao.com\/1\/wp-json\/wp\/v2\/media?parent=148517"}],"wp:term":[{"taxonomy":"category","embeddable":true,"href":"https:\/\/www.caririemacao.com\/1\/wp-json\/wp\/v2\/categories?post=148517"},{"taxonomy":"post_tag","embeddable":true,"href":"https:\/\/www.caririemacao.com\/1\/wp-json\/wp\/v2\/tags?post=148517"}],"curies":[{"name":"wp","href":"https:\/\/api.w.org\/{rel}","templated":true}]}}