{"id":148533,"date":"2020-01-23T12:09:48","date_gmt":"2020-01-23T15:09:48","guid":{"rendered":"http:\/\/www.caririemacao.com\/1\/?p=148533"},"modified":"2020-01-23T12:09:51","modified_gmt":"2020-01-23T15:09:51","slug":"azevedo-diz-nao-contar-com-votos-de-deputadas-do-psb-na-aprovacao-de-materias","status":"publish","type":"post","link":"https:\/\/www.caririemacao.com\/1\/2020\/01\/23\/azevedo-diz-nao-contar-com-votos-de-deputadas-do-psb-na-aprovacao-de-materias\/","title":{"rendered":"Azev\u00eado diz n\u00e3o contar com votos de deputadas do PSB na aprova\u00e7\u00e3o de mat\u00e9rias"},"content":{"rendered":"\n<p><br>Desfiliado do partido que o elegeu ao governo do Estado e afastado ainda mais de pol\u00edticos do n\u00facleo do PSB envolvidos na Opera\u00e7\u00e3o Calv\u00e1rio, o governador Jo\u00e3o Azev\u00eado disse \u00e0 imprensa que n\u00e3o tem expectativas de contar com os votos das deputadas Estela Bezerra e Cida Ramos na aprova\u00e7\u00e3o de mat\u00e9rias do governo, em especial a da reforma da Previd\u00eancia, que tem causado muita dor de cabe\u00e7a \u00e0 base governista na Casa. A mat\u00e9ria ficou para ser votada logo ap\u00f3s o retorno dos deputados \u00e0s atividades legislativas de 2020.<\/p>\n\n\n\n<p>\u201cEu espero que todos os projetos que n\u00f3s apresentamos \u00e0 Assembleia sejam analisados e votados de acordo com a consci\u00eancia de cada um. Posso, evidentemente, n\u00e3o fazer julgamento e nem criar expectativas em rela\u00e7\u00e3o a nenhuma posi\u00e7\u00e3o, mas espero que seja votado por todos\u201d, disse.<\/p>\n\n\n\n<figure class=\"wp-block-image\"><img decoding=\"async\" data-src=\"https:\/\/paraibaonline.com.br\/wp-content\/uploads\/2020\/01\/JOAO-AZEVEDO.jpeg\" alt=\"Foto: Paraibaonline\" class=\"wp-image-831570 lazyload\" src=\"data:image\/svg+xml;base64,PHN2ZyB3aWR0aD0iMSIgaGVpZ2h0PSIxIiB4bWxucz0iaHR0cDovL3d3dy53My5vcmcvMjAwMC9zdmciPjwvc3ZnPg==\" \/><\/figure>\n\n\n\n<p>Foto: Paraibaonline<\/p>\n\n\n\n<p>Conforme o governador, um projeto como a reforma da Previd\u00eancia n\u00e3o \u00e9 de interesse s\u00f3 do governo, mas de toda a sociedade, e que se for compreendido pelos demais deputados desta forma, n\u00e3o tem d\u00favidas nenhuma de que ser\u00e1 aprovada.<\/p>\n\n\n\n<p>Contudo, mesmo sem os votos das duas deputadas, a base governista ainda \u00e9 maioria na Casa, que hoje conta com 24 parlamentares contra 12 da oposi\u00e7\u00e3o, que tem feito muito barulho quanto \u00e0 mat\u00e9ria. Tanto \u00e9 que conseguiram judicializar o caso e suspender a vota\u00e7\u00e3o da reforma, que terminou n\u00e3o sendo aprovada no final do ano passado, como queria o governo do Estado.<\/p>\n","protected":false},"excerpt":{"rendered":"<p>Desfiliado do partido que o elegeu ao governo do Estado e afastado ainda mais de pol\u00edticos do n\u00facleo do PSB envolvidos na Opera\u00e7\u00e3o Calv\u00e1rio, o&hellip; <\/p>\n","protected":false},"author":1,"featured_media":148534,"comment_status":"closed","ping_status":"closed","sticky":false,"template":"","format":"standard","meta":{"sfsi_plus_gutenberg_text_before_share":"","sfsi_plus_gutenberg_show_text_before_share":"","sfsi_plus_gutenberg_icon_type":"","sfsi_plus_gutenberg_icon_alignemt":"","sfsi_plus_gutenburg_max_per_row":"","footnotes":""},"categories":[11],"tags":[],"class_list":["post-148533","post","type-post","status-publish","format-standard","has-post-thumbnail","hentry","category-politica"],"_links":{"self":[{"href":"https:\/\/www.caririemacao.com\/1\/wp-json\/wp\/v2\/posts\/148533","targetHints":{"allow":["GET"]}}],"collection":[{"href":"https:\/\/www.caririemacao.com\/1\/wp-json\/wp\/v2\/posts"}],"about":[{"href":"https:\/\/www.caririemacao.com\/1\/wp-json\/wp\/v2\/types\/post"}],"author":[{"embeddable":true,"href":"https:\/\/www.caririemacao.com\/1\/wp-json\/wp\/v2\/users\/1"}],"replies":[{"embeddable":true,"href":"https:\/\/www.caririemacao.com\/1\/wp-json\/wp\/v2\/comments?post=148533"}],"version-history":[{"count":1,"href":"https:\/\/www.caririemacao.com\/1\/wp-json\/wp\/v2\/posts\/148533\/revisions"}],"predecessor-version":[{"id":148535,"href":"https:\/\/www.caririemacao.com\/1\/wp-json\/wp\/v2\/posts\/148533\/revisions\/148535"}],"wp:featuredmedia":[{"embeddable":true,"href":"https:\/\/www.caririemacao.com\/1\/wp-json\/wp\/v2\/media\/148534"}],"wp:attachment":[{"href":"https:\/\/www.caririemacao.com\/1\/wp-json\/wp\/v2\/media?parent=148533"}],"wp:term":[{"taxonomy":"category","embeddable":true,"href":"https:\/\/www.caririemacao.com\/1\/wp-json\/wp\/v2\/categories?post=148533"},{"taxonomy":"post_tag","embeddable":true,"href":"https:\/\/www.caririemacao.com\/1\/wp-json\/wp\/v2\/tags?post=148533"}],"curies":[{"name":"wp","href":"https:\/\/api.w.org\/{rel}","templated":true}]}}