{"id":148542,"date":"2020-01-23T12:10:41","date_gmt":"2020-01-23T15:10:41","guid":{"rendered":"http:\/\/www.caririemacao.com\/1\/?p=148542"},"modified":"2020-01-23T12:17:43","modified_gmt":"2020-01-23T15:17:43","slug":"arrecadacao-federal-em-2019-e-a-maior-em-cinco-anos","status":"publish","type":"post","link":"https:\/\/www.caririemacao.com\/1\/2020\/01\/23\/arrecadacao-federal-em-2019-e-a-maior-em-cinco-anos\/","title":{"rendered":"Arrecada\u00e7\u00e3o federal em 2019 \u00e9 a maior em cinco anos"},"content":{"rendered":"\n<p>A arrecada\u00e7\u00e3o federal encerrou o primeiro ano da gest\u00e3o do presidente Jair Bolsonaro&nbsp;em R$ 1,537 trilh\u00e3o, uma alta de 1,69% em rela\u00e7\u00e3o a 2018, j\u00e1 descontada a infla\u00e7\u00e3o do per\u00edodo.<\/p>\n\n\n\n<p>O dado de 2019, divulgado nesta quinta-feira (23) pela Receita Federal, \u00e9 o melhor observado em cinco anos.<\/p>\n\n\n\n<p>De acordo com o fisco, o resultado foi motivado principalmente pelo comportamento dos indicadores econ\u00f4micos.<\/p>\n\n\n\n<p>Entre os fatores que contribu\u00edram para impulsionar a receita, est\u00e3o uma alta de 3,27% na venda de bens, eleva\u00e7\u00e3o de 1% na comercializa\u00e7\u00e3o de servi\u00e7os e um crescimento de 3,66% na massa salarial nominal do pa\u00eds.<\/p>\n\n\n\n<p>O Imposto de Renda foi o principal respons\u00e1vel pelos ganhos do governo federal no ano passado. O tributo sobre os rendimentos de empresas, junto com as contribui\u00e7\u00f5es sobre lucro, registrou alta de 11,09% no ano.<\/p>\n\n\n\n<p>Segundo a Receita, houve ainda uma eleva\u00e7\u00e3o de 11,07% na receita de Imposto de Renda da pessoa f\u00edsica. O crescimento \u00e9 explicado por ganhos em vendas de bens e em opera\u00e7\u00f5es na bolsa de valores.<\/p>\n","protected":false},"excerpt":{"rendered":"<p>A arrecada\u00e7\u00e3o federal encerrou o primeiro ano da gest\u00e3o do presidente Jair Bolsonaro&nbsp;em R$ 1,537 trilh\u00e3o, uma alta de 1,69% em rela\u00e7\u00e3o a 2018, j\u00e1&hellip; <\/p>\n","protected":false},"author":1,"featured_media":103549,"comment_status":"closed","ping_status":"closed","sticky":false,"template":"","format":"standard","meta":{"sfsi_plus_gutenberg_text_before_share":"","sfsi_plus_gutenberg_show_text_before_share":"","sfsi_plus_gutenberg_icon_type":"","sfsi_plus_gutenberg_icon_alignemt":"","sfsi_plus_gutenburg_max_per_row":"","footnotes":""},"categories":[11],"tags":[],"class_list":["post-148542","post","type-post","status-publish","format-standard","has-post-thumbnail","hentry","category-politica"],"_links":{"self":[{"href":"https:\/\/www.caririemacao.com\/1\/wp-json\/wp\/v2\/posts\/148542","targetHints":{"allow":["GET"]}}],"collection":[{"href":"https:\/\/www.caririemacao.com\/1\/wp-json\/wp\/v2\/posts"}],"about":[{"href":"https:\/\/www.caririemacao.com\/1\/wp-json\/wp\/v2\/types\/post"}],"author":[{"embeddable":true,"href":"https:\/\/www.caririemacao.com\/1\/wp-json\/wp\/v2\/users\/1"}],"replies":[{"embeddable":true,"href":"https:\/\/www.caririemacao.com\/1\/wp-json\/wp\/v2\/comments?post=148542"}],"version-history":[{"count":1,"href":"https:\/\/www.caririemacao.com\/1\/wp-json\/wp\/v2\/posts\/148542\/revisions"}],"predecessor-version":[{"id":148545,"href":"https:\/\/www.caririemacao.com\/1\/wp-json\/wp\/v2\/posts\/148542\/revisions\/148545"}],"wp:featuredmedia":[{"embeddable":true,"href":"https:\/\/www.caririemacao.com\/1\/wp-json\/wp\/v2\/media\/103549"}],"wp:attachment":[{"href":"https:\/\/www.caririemacao.com\/1\/wp-json\/wp\/v2\/media?parent=148542"}],"wp:term":[{"taxonomy":"category","embeddable":true,"href":"https:\/\/www.caririemacao.com\/1\/wp-json\/wp\/v2\/categories?post=148542"},{"taxonomy":"post_tag","embeddable":true,"href":"https:\/\/www.caririemacao.com\/1\/wp-json\/wp\/v2\/tags?post=148542"}],"curies":[{"name":"wp","href":"https:\/\/api.w.org\/{rel}","templated":true}]}}