{"id":148548,"date":"2020-01-23T12:11:51","date_gmt":"2020-01-23T15:11:51","guid":{"rendered":"http:\/\/www.caririemacao.com\/1\/?p=148548"},"modified":"2020-01-23T12:11:53","modified_gmt":"2020-01-23T15:11:53","slug":"inmet-renova-alerta-para-chuvas-com-perigo-potencial-em-69-cidades-da-paraiba","status":"publish","type":"post","link":"https:\/\/www.caririemacao.com\/1\/2020\/01\/23\/inmet-renova-alerta-para-chuvas-com-perigo-potencial-em-69-cidades-da-paraiba\/","title":{"rendered":"Inmet renova alerta para chuvas com perigo potencial em 69 cidades da Para\u00edba"},"content":{"rendered":"\n<p>O&nbsp;Instituto Nacional de Meteorologia (Inmet)&nbsp;emitiu \u00e0s 10h desta quinta-feira (23), um alerta de perigo potencial para chuvas intensas em 69&nbsp;cidades&nbsp;do Sert\u00e3o da Para\u00edba.&nbsp;O alerta do Inmet&nbsp;&nbsp;vale at\u00e9 as 10h de sexta-feira (24),podendo ser renovado.&nbsp;<\/p>\n\n\n\n<figure class=\"wp-block-image\"><img decoding=\"async\" data-src=\"https:\/\/www.clickpb.com.br\/media\/filer_public\/0a\/cc\/0accdf23-8d56-4ed0-a21a-770dfae973e5\/alerta_inmet.jpg\" alt=\"\" src=\"data:image\/svg+xml;base64,PHN2ZyB3aWR0aD0iMSIgaGVpZ2h0PSIxIiB4bWxucz0iaHR0cDovL3d3dy53My5vcmcvMjAwMC9zdmciPjwvc3ZnPg==\" class=\"lazyload\" \/><\/figure>\n\n\n\n<p>As chuvas podem variar entre 20 e 30 mm\/h ou at\u00e9 50 mm\/dia. Os riscos de cortes de energia el\u00e9trica, queda de galhos de \u00e1rvores e alagamentos s\u00e3o baixos, mas o Inmet orienta que a popula\u00e7\u00e3o evite usar aparelhos eletr\u00f4nicos ligados \u00e0 tomada, e em casos de rajadas de vento, n\u00e3o se abriguem debaixo de \u00e1rvores.<\/p>\n\n\n\n<p>Para mais informa\u00e7\u00f5es, o Inmet recomenda que a popula\u00e7\u00e3o entre em contato com os telefones da Defesa Civil (199) e do Corpo de Bombeiros (193).<\/p>\n\n\n\n<figure class=\"wp-block-image\"><img decoding=\"async\" data-src=\"https:\/\/www.clickpb.com.br\/media\/filer_public\/a6\/ff\/a6ffd463-7e5b-4cbd-bf97-e59283f567fa\/alerta.jpg\" alt=\"\" src=\"data:image\/svg+xml;base64,PHN2ZyB3aWR0aD0iMSIgaGVpZ2h0PSIxIiB4bWxucz0iaHR0cDovL3d3dy53My5vcmcvMjAwMC9zdmciPjwvc3ZnPg==\" class=\"lazyload\" \/><\/figure>\n\n\n\n<figure class=\"wp-block-image\"><img decoding=\"async\" data-src=\"https:\/\/www.clickpb.com.br\/media\/filer_public\/2f\/d0\/2fd0e735-e970-4a9f-978a-df8b50735da6\/alerta_2.jpg\" alt=\"\" src=\"data:image\/svg+xml;base64,PHN2ZyB3aWR0aD0iMSIgaGVpZ2h0PSIxIiB4bWxucz0iaHR0cDovL3d3dy53My5vcmcvMjAwMC9zdmciPjwvc3ZnPg==\" class=\"lazyload\" \/><\/figure>\n\n\n\n<figure class=\"wp-block-image\"><img decoding=\"async\" data-src=\"https:\/\/www.clickpb.com.br\/media\/filer_public\/6b\/14\/6b144f95-4eab-4a44-93a8-e48c21279a8c\/alerta_3.jpg\" alt=\"\" src=\"data:image\/svg+xml;base64,PHN2ZyB3aWR0aD0iMSIgaGVpZ2h0PSIxIiB4bWxucz0iaHR0cDovL3d3dy53My5vcmcvMjAwMC9zdmciPjwvc3ZnPg==\" class=\"lazyload\" \/><\/figure>\n\n\n\n<figure class=\"wp-block-image\"><img decoding=\"async\" data-src=\"https:\/\/www.clickpb.com.br\/media\/filer_public\/09\/a8\/09a8a967-a9e3-459e-9c84-717c3a497e19\/alerta_4.jpg\" alt=\"\" src=\"data:image\/svg+xml;base64,PHN2ZyB3aWR0aD0iMSIgaGVpZ2h0PSIxIiB4bWxucz0iaHR0cDovL3d3dy53My5vcmcvMjAwMC9zdmciPjwvc3ZnPg==\" class=\"lazyload\" \/><\/figure>\n\n\n\n<figure class=\"wp-block-image\"><img decoding=\"async\" data-src=\"https:\/\/www.clickpb.com.br\/media\/filer_public\/4c\/10\/4c10375d-5519-4290-8e62-bff2cc999db7\/alerta_5.jpg\" alt=\"\" src=\"data:image\/svg+xml;base64,PHN2ZyB3aWR0aD0iMSIgaGVpZ2h0PSIxIiB4bWxucz0iaHR0cDovL3d3dy53My5vcmcvMjAwMC9zdmciPjwvc3ZnPg==\" class=\"lazyload\" \/><\/figure>\n\n\n\n<figure class=\"wp-block-image\"><img decoding=\"async\" data-src=\"https:\/\/www.clickpb.com.br\/media\/filer_public\/68\/17\/681753b1-6155-4246-8017-1d87000c3910\/alertaaaa.jpg\" alt=\"\" src=\"data:image\/svg+xml;base64,PHN2ZyB3aWR0aD0iMSIgaGVpZ2h0PSIxIiB4bWxucz0iaHR0cDovL3d3dy53My5vcmcvMjAwMC9zdmciPjwvc3ZnPg==\" class=\"lazyload\" \/><\/figure>\n","protected":false},"excerpt":{"rendered":"<p>O&nbsp;Instituto Nacional de Meteorologia (Inmet)&nbsp;emitiu \u00e0s 10h desta quinta-feira (23), um alerta de perigo potencial para chuvas intensas em 69&nbsp;cidades&nbsp;do Sert\u00e3o da Para\u00edba.&nbsp;O alerta do&hellip; <\/p>\n","protected":false},"author":1,"featured_media":90869,"comment_status":"closed","ping_status":"closed","sticky":false,"template":"","format":"standard","meta":{"sfsi_plus_gutenberg_text_before_share":"","sfsi_plus_gutenberg_show_text_before_share":"","sfsi_plus_gutenberg_icon_type":"","sfsi_plus_gutenberg_icon_alignemt":"","sfsi_plus_gutenburg_max_per_row":"","footnotes":""},"categories":[6],"tags":[],"class_list":["post-148548","post","type-post","status-publish","format-standard","has-post-thumbnail","hentry","category-cidades"],"_links":{"self":[{"href":"https:\/\/www.caririemacao.com\/1\/wp-json\/wp\/v2\/posts\/148548","targetHints":{"allow":["GET"]}}],"collection":[{"href":"https:\/\/www.caririemacao.com\/1\/wp-json\/wp\/v2\/posts"}],"about":[{"href":"https:\/\/www.caririemacao.com\/1\/wp-json\/wp\/v2\/types\/post"}],"author":[{"embeddable":true,"href":"https:\/\/www.caririemacao.com\/1\/wp-json\/wp\/v2\/users\/1"}],"replies":[{"embeddable":true,"href":"https:\/\/www.caririemacao.com\/1\/wp-json\/wp\/v2\/comments?post=148548"}],"version-history":[{"count":1,"href":"https:\/\/www.caririemacao.com\/1\/wp-json\/wp\/v2\/posts\/148548\/revisions"}],"predecessor-version":[{"id":148552,"href":"https:\/\/www.caririemacao.com\/1\/wp-json\/wp\/v2\/posts\/148548\/revisions\/148552"}],"wp:featuredmedia":[{"embeddable":true,"href":"https:\/\/www.caririemacao.com\/1\/wp-json\/wp\/v2\/media\/90869"}],"wp:attachment":[{"href":"https:\/\/www.caririemacao.com\/1\/wp-json\/wp\/v2\/media?parent=148548"}],"wp:term":[{"taxonomy":"category","embeddable":true,"href":"https:\/\/www.caririemacao.com\/1\/wp-json\/wp\/v2\/categories?post=148548"},{"taxonomy":"post_tag","embeddable":true,"href":"https:\/\/www.caririemacao.com\/1\/wp-json\/wp\/v2\/tags?post=148548"}],"curies":[{"name":"wp","href":"https:\/\/api.w.org\/{rel}","templated":true}]}}