{"id":148557,"date":"2020-01-23T12:13:30","date_gmt":"2020-01-23T15:13:30","guid":{"rendered":"http:\/\/www.caririemacao.com\/1\/?p=148557"},"modified":"2020-01-23T12:13:32","modified_gmt":"2020-01-23T15:13:32","slug":"numero-de-motoristas-embriagados-flagrados-sobe-1912-na-paraiba","status":"publish","type":"post","link":"https:\/\/www.caririemacao.com\/1\/2020\/01\/23\/numero-de-motoristas-embriagados-flagrados-sobe-1912-na-paraiba\/","title":{"rendered":"N\u00famero de motoristas embriagados flagrados sobe 191,2% na Para\u00edba"},"content":{"rendered":"\n<p>A Pol\u00edcia Rodovi\u00e1ria Federal a finalizou Opera\u00e7\u00e3o Ver\u00e3o na Para\u00edba com um dado alarmante: o n\u00famero de motoristas flagrados dirigindo sob efeito de \u00e1lcool foi 191,2% superior ao registrado no ano anterior. Este ano, 99 motoristas foram flagradas dirigindo embriagadas e em 2019 o n\u00famero registrado foi de 34 pessoas. A a\u00e7\u00e3o foi realizada no per\u00edodo de 4 a 20 de janeiro nos trechos com maior fluxo de ve\u00edculos e pessoas durante a esta\u00e7\u00e3o do ano mais movimentada do litoral do Estado.<\/p>\n\n\n\n<p>Durante menos de 20 dias de Opera\u00e7\u00e3o foram fiscalizados 16.198 ve\u00edculos, 16.760 pessoas, sendo 5.880 infra\u00e7\u00f5es de tr\u00e2nsito flagradas. O n\u00famero de infra\u00e7\u00f5es de tr\u00e2nsito flagradas \u00e9 127,02% maior que o registrado no mesmo per\u00edodo do ano anterior, quando 2.590 irregularidades foram flagradas. Tamb\u00e9m foram removidos aos p\u00e1tios da PRF 578 ve\u00edculos com alguma irregularidade.<\/p>\n\n\n\n<p><strong>Combate ao Crime<\/strong><\/p>\n\n\n\n<p>As a\u00e7\u00f5es de combate \u00e0 criminalidade tamb\u00e9m foram intensificadas no per\u00edodo. Durante a Opera\u00e7\u00e3o foram detidas 88 pessoas pelos mais diversos tipos de crime.<\/p>\n\n\n\n<p>O n\u00famero \u00e9 110% maior do que o registrado no ano anterior, quando 42 pessoas foram detidas. A PRF recuperou tamb\u00e9m 14 ve\u00edculos roubados ou furtados. O tr\u00e1fico de drogas tamb\u00e9m foi alvo das fiscaliza\u00e7\u00f5es, sendo apreendidos 19,6 kg de maconha, 3,5 kg de crack e 2 kg de maconha.<\/p>\n\n\n\n<p>A PRF continuar\u00e1 com refor\u00e7o na fiscaliza\u00e7\u00e3o at\u00e9 o m\u00eas de mar\u00e7o dentro das a\u00e7\u00f5es da Opera\u00e7\u00e3o Rodovida. O planejamento das atividades para o per\u00edodo do Carnaval est\u00e1 sendo finalizado e dever\u00e1 refor\u00e7ar todo o Estado.<\/p>\n\n\n\n<p><strong>MaisPB<\/strong><\/p>\n","protected":false},"excerpt":{"rendered":"<p>A Pol\u00edcia Rodovi\u00e1ria Federal a finalizou Opera\u00e7\u00e3o Ver\u00e3o na Para\u00edba com um dado alarmante: o n\u00famero de motoristas flagrados dirigindo sob efeito de \u00e1lcool foi&hellip; <\/p>\n","protected":false},"author":1,"featured_media":148561,"comment_status":"closed","ping_status":"closed","sticky":false,"template":"","format":"standard","meta":{"sfsi_plus_gutenberg_text_before_share":"","sfsi_plus_gutenberg_show_text_before_share":"","sfsi_plus_gutenberg_icon_type":"","sfsi_plus_gutenberg_icon_alignemt":"","sfsi_plus_gutenburg_max_per_row":"","footnotes":""},"categories":[12],"tags":[],"class_list":["post-148557","post","type-post","status-publish","format-standard","has-post-thumbnail","hentry","category-policia"],"_links":{"self":[{"href":"https:\/\/www.caririemacao.com\/1\/wp-json\/wp\/v2\/posts\/148557","targetHints":{"allow":["GET"]}}],"collection":[{"href":"https:\/\/www.caririemacao.com\/1\/wp-json\/wp\/v2\/posts"}],"about":[{"href":"https:\/\/www.caririemacao.com\/1\/wp-json\/wp\/v2\/types\/post"}],"author":[{"embeddable":true,"href":"https:\/\/www.caririemacao.com\/1\/wp-json\/wp\/v2\/users\/1"}],"replies":[{"embeddable":true,"href":"https:\/\/www.caririemacao.com\/1\/wp-json\/wp\/v2\/comments?post=148557"}],"version-history":[{"count":1,"href":"https:\/\/www.caririemacao.com\/1\/wp-json\/wp\/v2\/posts\/148557\/revisions"}],"predecessor-version":[{"id":148562,"href":"https:\/\/www.caririemacao.com\/1\/wp-json\/wp\/v2\/posts\/148557\/revisions\/148562"}],"wp:featuredmedia":[{"embeddable":true,"href":"https:\/\/www.caririemacao.com\/1\/wp-json\/wp\/v2\/media\/148561"}],"wp:attachment":[{"href":"https:\/\/www.caririemacao.com\/1\/wp-json\/wp\/v2\/media?parent=148557"}],"wp:term":[{"taxonomy":"category","embeddable":true,"href":"https:\/\/www.caririemacao.com\/1\/wp-json\/wp\/v2\/categories?post=148557"},{"taxonomy":"post_tag","embeddable":true,"href":"https:\/\/www.caririemacao.com\/1\/wp-json\/wp\/v2\/tags?post=148557"}],"curies":[{"name":"wp","href":"https:\/\/api.w.org\/{rel}","templated":true}]}}