{"id":148580,"date":"2020-01-23T13:59:38","date_gmt":"2020-01-23T16:59:38","guid":{"rendered":"http:\/\/www.caririemacao.com\/1\/?p=148580"},"modified":"2020-01-23T13:59:40","modified_gmt":"2020-01-23T16:59:40","slug":"grupo-politico-de-situacao-em-parari-se-reune-para-discutir-eleicoes-2020","status":"publish","type":"post","link":"https:\/\/www.caririemacao.com\/1\/2020\/01\/23\/grupo-politico-de-situacao-em-parari-se-reune-para-discutir-eleicoes-2020\/","title":{"rendered":"Grupo pol\u00edtico de situa\u00e7\u00e3o em Parari se re\u00fane para discutir Elei\u00e7\u00f5es 2020"},"content":{"rendered":"\n<p>O grupo pol\u00edtico, hoje liderado pelo prefeito Josa em Parari, teve uma reuni\u00e3o nesta quarta-feira, 22, para discutir sobre as elei\u00e7\u00f5es municipais deste ano.<\/p>\n\n\n\n<p>Segundo o prefeito, nesse primeiro momento foram ouvidos por ele e pelo vice Genival Queiroz vereadores com mandato.<\/p>\n\n\n\n<p>De acordo com Josa a reuni\u00e3o foi muito proveitosa e contou com a presen\u00e7a dos Advogados Dr. Jo\u00e3o Jos\u00e9 e Dr. Jos\u00e9 Maviael, que explicaram aos postulantes sobre o pleito eleitoral e as novas regras.<\/p>\n\n\n\n<p>A discuss\u00e3o sobre o fechamento da chapa ficou ainda a ser definida em nova reuni\u00e3o.<\/p>\n\n\n\n<p>O vice-prefeito Genival achou a reuni\u00e3o muito produtiva e na oportunidade e pode ouvir os vereadores que j\u00e1 tem mandatos e ser\u00e3o candidatos a reelei\u00e7\u00e3o. Uma pr\u00f3xima reuni\u00e3o ser\u00e1 agendada com os demais pr\u00e9-candidatos a vereadores do munic\u00edpio.<\/p>\n\n\n\n<p><em>Com Para\u00edba Mix<\/em><\/p>\n","protected":false},"excerpt":{"rendered":"<p>O grupo pol\u00edtico, hoje liderado pelo prefeito Josa em Parari, teve uma reuni\u00e3o nesta quarta-feira, 22, para discutir sobre as elei\u00e7\u00f5es municipais deste ano. Segundo&hellip; <\/p>\n","protected":false},"author":1,"featured_media":148585,"comment_status":"closed","ping_status":"closed","sticky":false,"template":"","format":"standard","meta":{"sfsi_plus_gutenberg_text_before_share":"","sfsi_plus_gutenberg_show_text_before_share":"","sfsi_plus_gutenberg_icon_type":"","sfsi_plus_gutenberg_icon_alignemt":"","sfsi_plus_gutenburg_max_per_row":"","footnotes":""},"categories":[6,50],"tags":[],"class_list":["post-148580","post","type-post","status-publish","format-standard","has-post-thumbnail","hentry","category-cidades","category-destaque"],"_links":{"self":[{"href":"https:\/\/www.caririemacao.com\/1\/wp-json\/wp\/v2\/posts\/148580","targetHints":{"allow":["GET"]}}],"collection":[{"href":"https:\/\/www.caririemacao.com\/1\/wp-json\/wp\/v2\/posts"}],"about":[{"href":"https:\/\/www.caririemacao.com\/1\/wp-json\/wp\/v2\/types\/post"}],"author":[{"embeddable":true,"href":"https:\/\/www.caririemacao.com\/1\/wp-json\/wp\/v2\/users\/1"}],"replies":[{"embeddable":true,"href":"https:\/\/www.caririemacao.com\/1\/wp-json\/wp\/v2\/comments?post=148580"}],"version-history":[{"count":1,"href":"https:\/\/www.caririemacao.com\/1\/wp-json\/wp\/v2\/posts\/148580\/revisions"}],"predecessor-version":[{"id":148586,"href":"https:\/\/www.caririemacao.com\/1\/wp-json\/wp\/v2\/posts\/148580\/revisions\/148586"}],"wp:featuredmedia":[{"embeddable":true,"href":"https:\/\/www.caririemacao.com\/1\/wp-json\/wp\/v2\/media\/148585"}],"wp:attachment":[{"href":"https:\/\/www.caririemacao.com\/1\/wp-json\/wp\/v2\/media?parent=148580"}],"wp:term":[{"taxonomy":"category","embeddable":true,"href":"https:\/\/www.caririemacao.com\/1\/wp-json\/wp\/v2\/categories?post=148580"},{"taxonomy":"post_tag","embeddable":true,"href":"https:\/\/www.caririemacao.com\/1\/wp-json\/wp\/v2\/tags?post=148580"}],"curies":[{"name":"wp","href":"https:\/\/api.w.org\/{rel}","templated":true}]}}