{"id":148589,"date":"2020-01-23T14:00:47","date_gmt":"2020-01-23T17:00:47","guid":{"rendered":"http:\/\/www.caririemacao.com\/1\/?p=148589"},"modified":"2020-01-23T14:00:49","modified_gmt":"2020-01-23T17:00:49","slug":"tj-recebe-denuncia-contra-prefeito-acusado-de-ter-alugado-propria-caminhonete-por-r-55-mil-a-prefeitura","status":"publish","type":"post","link":"https:\/\/www.caririemacao.com\/1\/2020\/01\/23\/tj-recebe-denuncia-contra-prefeito-acusado-de-ter-alugado-propria-caminhonete-por-r-55-mil-a-prefeitura\/","title":{"rendered":"TJ recebe den\u00fancia contra prefeito acusado de ter alugado pr\u00f3pria caminhonete por R$ 5,5 mil \u00e0 prefeitura"},"content":{"rendered":"\n<p>O Tribunal de Justi\u00e7a da Para\u00edba decidiu receber uma den\u00fancia e tornar r\u00e9us o prefeito da cidade de Passagem, Magno Silva Martins, e mais duas pessoas. Eles s\u00e3o acusados pelo Minist\u00e9rio P\u00fablico de irregularidades na loca\u00e7\u00e3o de ve\u00edculos para o munic\u00edpio, al\u00e9m de gastos excessivos com combust\u00edveis. Tamb\u00e9m foram denunciados o pregoeiro da prefeitura Jo\u00e1cio de Oliveira Costa e o empres\u00e1rio Olivan de Freitas Oliveira, propriet\u00e1rio da empresa contratada pelo munic\u00edpio para disponibilizar ve\u00edculos para a prefeitura.<\/p>\n\n\n\n<p>O Minist\u00e9rio P\u00fablico alega que teria havido direcionamento no processo licitat\u00f3rio e subloca\u00e7\u00e3o dos carros. Um dos pontos da den\u00fancia, que chama a aten\u00e7\u00e3o, tem por base uma acusa\u00e7\u00e3o feita por um vereador da cidade de Areia de Bara\u00fanas.<\/p>\n\n\n\n<p>A den\u00fancia relata que um dos carros alugados, uma caminhonete Hillux, teria sido locado por Jos\u00e9 Marcondes El\u00eddio de Andrade (vereador de Areia de Bara\u00fanas) \u00e0 empresa Cruz da Menina Loca\u00e7\u00e3o de Autom\u00f3veis Ltda por R$ 3.5 mil mensais, e sublocado ao munic\u00edpio de Passagem por R$ 5.5 mil mensais.<\/p>\n\n\n\n<p>\u201cOcorre que o referido propriet\u00e1rio (o vereador Jos\u00e9 Marcondes) declarou verbalmente aos auditores do TCE Jairo Almeida Rampecke, Henrique Luiz de Andrade Lucena e \u00e0 vereadora do Munic\u00edpio de Passagem-PB Severina Gomes de Oliveira, que o ve\u00edculo Toyota Hillux, na verdade, pertencia ao prefeito denunciado, que o adquiriu por 12 (doze) parcelas de RS 5.000.00 e assumiu o saldo devedor junto \u00e0 financeira\u201d, discorre um dos trechos do ac\u00f3rd\u00e3o do TJ.<\/p>\n\n\n\n<p>\u201c\u00c9 certo que, apenas sob o aspecto do dano, a utiliza\u00e7\u00e3o fraudulenta da empresa Cruz da Menina Locadora de Autom\u00f3veis Ltda., como intermedi\u00e1ria para loca\u00e7\u00e3o de ve\u00edculos de pessoas f\u00edsicas, ocasionou preju\u00edzo aos cofres p\u00fablicos de R$ 98.510,00 (noventa e oito mil quinhentos e dez reais)\u201d, diz o documento publicado nesta quinta-feira (23) no Di\u00e1rio da Justi\u00e7a. Em 2013 o munic\u00edpio de Passagem gastou quase R$ 400 mil com combust\u00edveis, despesa essa correspondente a 4,93% da despesa total or\u00e7ament\u00e1ria municipal.<\/p>\n\n\n\n<p><strong><a href=\"http:\/\/blogs.jornaldaparaiba.com.br\/plenopoder\/wp-content\/uploads\/sites\/34\/2020\/01\/ac%C3%B3rd%C3%A3o-prefeito-de-passagem.pdf\">Confira na \u00edntegra o ac\u00f3rd\u00e3o do TJPB<\/a><\/strong><\/p>\n\n\n\n<p><strong>Outro lado<\/strong><\/p>\n\n\n\n<p>Durante o processo, os acusados negaram o cometimento de qualquer tipo de irregularidade. A defesa do prefeito Magno Martins argumentou que a den\u00fancia n\u00e3o especificou a sua atua\u00e7\u00e3o nos fatos imputados, \u201cfazendo meras ila\u00e7\u00f5es a respeito de atos de contrata\u00e7\u00e3o de servi\u00e7o p\u00fablico, que, conforme provas carreadas j\u00e1 nesse instante da defesa demonstram a falta de correla\u00e7\u00e3o entre os atos praticados com o gestor e a suposta ilicitude insinuada na pe\u00e7a acusat\u00f3ria\u201d.<\/p>\n\n\n\n<p>Os advogados ainda afirmam que a acusa\u00e7\u00e3o feita pelo vereador Jos\u00e9 Marcondes, do munic\u00edpio de Areia de Bara\u00fanas, de que um dos ve\u00edculos pertencia ao prefeito, \u00e9 mentirosa e teve o intuito apenas de prejudic\u00e1-lo politicamente, \u201cn\u00e3o havendo prova alguma de que tivesse interferido de algum modo na rela\u00e7\u00e3o entre a empresa contratada e seus subcontratados\u201d. J\u00e1 as defesas de Jo\u00e1cio de Oliveira Costa Olivan de Freitas tamb\u00e9m afirmam que jamais participaram da pr\u00e1tica de qualquer irregularidade.<\/p>\n\n\n\n<p>Blog Pleno Poder<\/p>\n","protected":false},"excerpt":{"rendered":"<p>O Tribunal de Justi\u00e7a da Para\u00edba decidiu receber uma den\u00fancia e tornar r\u00e9us o prefeito da cidade de Passagem, Magno Silva Martins, e mais duas&hellip; <\/p>\n","protected":false},"author":1,"featured_media":125181,"comment_status":"closed","ping_status":"closed","sticky":false,"template":"","format":"standard","meta":{"sfsi_plus_gutenberg_text_before_share":"","sfsi_plus_gutenberg_show_text_before_share":"","sfsi_plus_gutenberg_icon_type":"","sfsi_plus_gutenberg_icon_alignemt":"","sfsi_plus_gutenburg_max_per_row":"","footnotes":""},"categories":[2],"tags":[],"class_list":["post-148589","post","type-post","status-publish","format-standard","has-post-thumbnail","hentry","category-geral"],"_links":{"self":[{"href":"https:\/\/www.caririemacao.com\/1\/wp-json\/wp\/v2\/posts\/148589","targetHints":{"allow":["GET"]}}],"collection":[{"href":"https:\/\/www.caririemacao.com\/1\/wp-json\/wp\/v2\/posts"}],"about":[{"href":"https:\/\/www.caririemacao.com\/1\/wp-json\/wp\/v2\/types\/post"}],"author":[{"embeddable":true,"href":"https:\/\/www.caririemacao.com\/1\/wp-json\/wp\/v2\/users\/1"}],"replies":[{"embeddable":true,"href":"https:\/\/www.caririemacao.com\/1\/wp-json\/wp\/v2\/comments?post=148589"}],"version-history":[{"count":1,"href":"https:\/\/www.caririemacao.com\/1\/wp-json\/wp\/v2\/posts\/148589\/revisions"}],"predecessor-version":[{"id":148591,"href":"https:\/\/www.caririemacao.com\/1\/wp-json\/wp\/v2\/posts\/148589\/revisions\/148591"}],"wp:featuredmedia":[{"embeddable":true,"href":"https:\/\/www.caririemacao.com\/1\/wp-json\/wp\/v2\/media\/125181"}],"wp:attachment":[{"href":"https:\/\/www.caririemacao.com\/1\/wp-json\/wp\/v2\/media?parent=148589"}],"wp:term":[{"taxonomy":"category","embeddable":true,"href":"https:\/\/www.caririemacao.com\/1\/wp-json\/wp\/v2\/categories?post=148589"},{"taxonomy":"post_tag","embeddable":true,"href":"https:\/\/www.caririemacao.com\/1\/wp-json\/wp\/v2\/tags?post=148589"}],"curies":[{"name":"wp","href":"https:\/\/api.w.org\/{rel}","templated":true}]}}