{"id":148592,"date":"2020-01-23T14:05:09","date_gmt":"2020-01-23T17:05:09","guid":{"rendered":"http:\/\/www.caririemacao.com\/1\/?p=148592"},"modified":"2020-01-23T14:05:11","modified_gmt":"2020-01-23T17:05:11","slug":"video-barra-de-sao-miguel-e-a-unica-cidade-do-cariri-beneficiada-com-o-programa-de-habitacao-popular","status":"publish","type":"post","link":"https:\/\/www.caririemacao.com\/1\/2020\/01\/23\/video-barra-de-sao-miguel-e-a-unica-cidade-do-cariri-beneficiada-com-o-programa-de-habitacao-popular\/","title":{"rendered":"V\u00eddeo: Barra de S\u00e3o Miguel \u00e9 a \u00fanica cidade do Cariri beneficiada com o programa de habita\u00e7\u00e3o popular"},"content":{"rendered":"\n<p>Barra de S\u00e3o Miguel foi a \u00fanica cidade do Cariri paraibano beneficiada com o projeto de habita\u00e7\u00e3o popular, lan\u00e7ado na \u00faltima quarta-feira (22), pelo governador Jo\u00e3o Azev\u00eado.<\/p>\n\n\n\n<p>Na Para\u00edba, apenas tr\u00eas munic\u00edpios est\u00e3o sendo contemplados nesse primeiro momento: Jo\u00e3o Pessoa, Rem\u00edgio e Barra de S\u00e3o Miguel. No total, ser\u00e3o constru\u00eddas 174 resid\u00eancias.<\/p>\n\n\n\n<p>Em Barra de S\u00e3o Miguel, ser\u00e3o constru\u00eddas 30 resid\u00eancias na comunidade de Floresta.<\/p>\n\n\n\n<p><strong>Veja o v\u00eddeo:<\/strong><\/p>\n\n\n\n<figure><iframe data-src=\"http:\/\/www.youtube.com\/embed\/Ksow8WHNPms?version=3&amp;rel=1&amp;fs=1&amp;autohide=2&amp;showsearch=0&amp;showinfo=1&amp;iv_load_policy=1&amp;wmode=transparent\" allowfullscreen=\"true\" src=\"data:image\/svg+xml;base64,PHN2ZyB3aWR0aD0iMSIgaGVpZ2h0PSIxIiB4bWxucz0iaHR0cDovL3d3dy53My5vcmcvMjAwMC9zdmciPjwvc3ZnPg==\" class=\"lazyload\" data-load-mode=\"1\"><\/iframe><\/figure>\n\n\n\n<p><strong>Blog do Bruno Lira<\/strong><\/p>\n","protected":false},"excerpt":{"rendered":"<p>Barra de S\u00e3o Miguel foi a \u00fanica cidade do Cariri paraibano beneficiada com o projeto de habita\u00e7\u00e3o popular, lan\u00e7ado na \u00faltima quarta-feira (22), pelo governador&hellip; <\/p>\n","protected":false},"author":1,"featured_media":148593,"comment_status":"closed","ping_status":"closed","sticky":false,"template":"","format":"standard","meta":{"sfsi_plus_gutenberg_text_before_share":"","sfsi_plus_gutenberg_show_text_before_share":"","sfsi_plus_gutenberg_icon_type":"","sfsi_plus_gutenberg_icon_alignemt":"","sfsi_plus_gutenburg_max_per_row":"","footnotes":""},"categories":[6],"tags":[],"class_list":["post-148592","post","type-post","status-publish","format-standard","has-post-thumbnail","hentry","category-cidades"],"_links":{"self":[{"href":"https:\/\/www.caririemacao.com\/1\/wp-json\/wp\/v2\/posts\/148592","targetHints":{"allow":["GET"]}}],"collection":[{"href":"https:\/\/www.caririemacao.com\/1\/wp-json\/wp\/v2\/posts"}],"about":[{"href":"https:\/\/www.caririemacao.com\/1\/wp-json\/wp\/v2\/types\/post"}],"author":[{"embeddable":true,"href":"https:\/\/www.caririemacao.com\/1\/wp-json\/wp\/v2\/users\/1"}],"replies":[{"embeddable":true,"href":"https:\/\/www.caririemacao.com\/1\/wp-json\/wp\/v2\/comments?post=148592"}],"version-history":[{"count":1,"href":"https:\/\/www.caririemacao.com\/1\/wp-json\/wp\/v2\/posts\/148592\/revisions"}],"predecessor-version":[{"id":148594,"href":"https:\/\/www.caririemacao.com\/1\/wp-json\/wp\/v2\/posts\/148592\/revisions\/148594"}],"wp:featuredmedia":[{"embeddable":true,"href":"https:\/\/www.caririemacao.com\/1\/wp-json\/wp\/v2\/media\/148593"}],"wp:attachment":[{"href":"https:\/\/www.caririemacao.com\/1\/wp-json\/wp\/v2\/media?parent=148592"}],"wp:term":[{"taxonomy":"category","embeddable":true,"href":"https:\/\/www.caririemacao.com\/1\/wp-json\/wp\/v2\/categories?post=148592"},{"taxonomy":"post_tag","embeddable":true,"href":"https:\/\/www.caririemacao.com\/1\/wp-json\/wp\/v2\/tags?post=148592"}],"curies":[{"name":"wp","href":"https:\/\/api.w.org\/{rel}","templated":true}]}}