{"id":148607,"date":"2020-01-23T14:12:52","date_gmt":"2020-01-23T17:12:52","guid":{"rendered":"http:\/\/www.caririemacao.com\/1\/?p=148607"},"modified":"2020-01-23T14:12:54","modified_gmt":"2020-01-23T17:12:54","slug":"comandante-geral-assina-termo-de-uso-de-imovel-juntamente-com-o-prefeito-de-sume","status":"publish","type":"post","link":"https:\/\/www.caririemacao.com\/1\/2020\/01\/23\/comandante-geral-assina-termo-de-uso-de-imovel-juntamente-com-o-prefeito-de-sume\/","title":{"rendered":"Comandante geral assina termo de uso de im\u00f3vel juntamente com o prefeito de Sum\u00e9"},"content":{"rendered":"\n<p>Na manh\u00e3 desta quarta-feira (22), no gabinete do comandante geral do Corpo de Bombeiros Militar da Para\u00edba (CBMPB), foi assinado o termo de uso de bem im\u00f3vel para a instala\u00e7\u00e3o da futura unidade do CBMPB no munic\u00edpio de Sum\u00e9.<\/p>\n\n\n\n<p>O comandante geral do CBMPB, coronel Marcelo Ara\u00fajo, juntamente com o prefeito da cidade de Sum\u00e9, \u00c9den Duarte, e o secret\u00e1rio de administra\u00e7\u00e3o da cidade, Bonilson Tim\u00f3teo, reuniram-se para deliberar acerca do contrato firmado nesta data.<\/p>\n\n\n\n<figure class=\"wp-block-image\"><img decoding=\"async\" data-src=\"https:\/\/bombeiros.pb.gov.br\/wp-content\/uploads\/2020\/01\/IMG-20200123-WA0005.jpg\" alt=\"\" src=\"data:image\/svg+xml;base64,PHN2ZyB3aWR0aD0iMSIgaGVpZ2h0PSIxIiB4bWxucz0iaHR0cDovL3d3dy53My5vcmcvMjAwMC9zdmciPjwvc3ZnPg==\" class=\"lazyload\" \/><\/figure>\n\n\n\n<p>\u201cPara o CBMPB, esta \u00e9 mais uma obra que segue a pol\u00edtica de expans\u00e3o do Corpo de Bombeiros com apoio do governo do Estado, em prol da popula\u00e7\u00e3o paraibana.\u201d, afirmou o coronel Ara\u00fajo.<\/p>\n\n\n\n<p>A unidade do Cariri ir\u00e1 atender as cidades de: Sum\u00e9, Amparo, Camala\u00fa, S\u00e3o Jo\u00e3o do Tigre, Cara\u00fabas, Congo, Coxixola, Gurj\u00e3o, Ouro Velho, Parari, S\u00e3o Jo\u00e3o do Cariri, Zabel\u00ea, Monteiro, S\u00e3o Jos\u00e9 dos Cordeiros, Serra Branca, Prata e S\u00e3o Sebasti\u00e3o do Umbuzeiro.<\/p>\n","protected":false},"excerpt":{"rendered":"<p>Na manh\u00e3 desta quarta-feira (22), no gabinete do comandante geral do Corpo de Bombeiros Militar da Para\u00edba (CBMPB), foi assinado o termo de uso de&hellip; <\/p>\n","protected":false},"author":1,"featured_media":148608,"comment_status":"closed","ping_status":"closed","sticky":false,"template":"","format":"standard","meta":{"sfsi_plus_gutenberg_text_before_share":"","sfsi_plus_gutenberg_show_text_before_share":"","sfsi_plus_gutenberg_icon_type":"","sfsi_plus_gutenberg_icon_alignemt":"","sfsi_plus_gutenburg_max_per_row":"","footnotes":""},"categories":[50,2],"tags":[],"class_list":["post-148607","post","type-post","status-publish","format-standard","has-post-thumbnail","hentry","category-destaque","category-geral"],"_links":{"self":[{"href":"https:\/\/www.caririemacao.com\/1\/wp-json\/wp\/v2\/posts\/148607","targetHints":{"allow":["GET"]}}],"collection":[{"href":"https:\/\/www.caririemacao.com\/1\/wp-json\/wp\/v2\/posts"}],"about":[{"href":"https:\/\/www.caririemacao.com\/1\/wp-json\/wp\/v2\/types\/post"}],"author":[{"embeddable":true,"href":"https:\/\/www.caririemacao.com\/1\/wp-json\/wp\/v2\/users\/1"}],"replies":[{"embeddable":true,"href":"https:\/\/www.caririemacao.com\/1\/wp-json\/wp\/v2\/comments?post=148607"}],"version-history":[{"count":1,"href":"https:\/\/www.caririemacao.com\/1\/wp-json\/wp\/v2\/posts\/148607\/revisions"}],"predecessor-version":[{"id":148609,"href":"https:\/\/www.caririemacao.com\/1\/wp-json\/wp\/v2\/posts\/148607\/revisions\/148609"}],"wp:featuredmedia":[{"embeddable":true,"href":"https:\/\/www.caririemacao.com\/1\/wp-json\/wp\/v2\/media\/148608"}],"wp:attachment":[{"href":"https:\/\/www.caririemacao.com\/1\/wp-json\/wp\/v2\/media?parent=148607"}],"wp:term":[{"taxonomy":"category","embeddable":true,"href":"https:\/\/www.caririemacao.com\/1\/wp-json\/wp\/v2\/categories?post=148607"},{"taxonomy":"post_tag","embeddable":true,"href":"https:\/\/www.caririemacao.com\/1\/wp-json\/wp\/v2\/tags?post=148607"}],"curies":[{"name":"wp","href":"https:\/\/api.w.org\/{rel}","templated":true}]}}