{"id":148614,"date":"2020-01-23T14:15:34","date_gmt":"2020-01-23T17:15:34","guid":{"rendered":"http:\/\/www.caririemacao.com\/1\/?p=148614"},"modified":"2020-01-23T14:15:36","modified_gmt":"2020-01-23T17:15:36","slug":"cavaleiros-do-forro-animarao-tradicional-festa-de-sao-sebastiao-neste-sabado-em-distrito-de-sao-j-do-tigre","status":"publish","type":"post","link":"https:\/\/www.caririemacao.com\/1\/2020\/01\/23\/cavaleiros-do-forro-animarao-tradicional-festa-de-sao-sebastiao-neste-sabado-em-distrito-de-sao-j-do-tigre\/","title":{"rendered":"Cavaleiros do Forr\u00f3 animar\u00e3o tradicional Festa de S\u00e3o Sebasti\u00e3o neste s\u00e1bado em distrito de S\u00e3o J. do Tigre"},"content":{"rendered":"\n<p>Acontece no pr\u00f3ximo s\u00e1bado, dia 25, a tradicional Festa de S\u00e3o Sebasti\u00e3o do Distrito de Cacimbinha, em S\u00e3o Jo\u00e3o do Tigre, com shows das bandas Cavaleiros do Forr\u00f3, Arrasta Mulher, e o cantor Adriano Silva. A festa \u00e9 organizada pela Prefeitura Municipal de S\u00e3o Jo\u00e3o do Tigre.<\/p>\n\n\n\n<p>De acordo com o Prefeito C\u00e9lio Barbosa, mais uma vez a festa est\u00e1 sendo realizada com o intuito de valorizar a tradi\u00e7\u00e3o na comunidade, mesmo se tratando de um distrito, e mantendo a qualidade do evento, que j\u00e1 virou tradi\u00e7\u00e3o a n\u00edvel estadual desde o 1\u00ba ano de sua gest\u00e3o no munic\u00edpio.<\/p>\n\n\n\n<p>O Secret\u00e1rio de Finan\u00e7as, M\u00e1rcio Leite, disse que as atra\u00e7\u00f5es se enquadram dentro de um projeto de equil\u00edbrio financeiro, que permite que a festa seja realizada de forma grandiosa, mas sem nunca comprometer as finan\u00e7as do munic\u00edpio, com muita responsabilidade.<\/p>\n\n\n\n<p>A seguran\u00e7a e a divers\u00e3o tamb\u00e9m s\u00e3o marcas registradas do evento, que este ano mais uma vez deve bater recordes de p\u00fablico.<\/p>\n","protected":false},"excerpt":{"rendered":"<p>Acontece no pr\u00f3ximo s\u00e1bado, dia 25, a tradicional Festa de S\u00e3o Sebasti\u00e3o do Distrito de Cacimbinha, em S\u00e3o Jo\u00e3o do Tigre, com shows das bandas&hellip; <\/p>\n","protected":false},"author":1,"featured_media":148618,"comment_status":"closed","ping_status":"closed","sticky":false,"template":"","format":"standard","meta":{"sfsi_plus_gutenberg_text_before_share":"","sfsi_plus_gutenberg_show_text_before_share":"","sfsi_plus_gutenberg_icon_type":"","sfsi_plus_gutenberg_icon_alignemt":"","sfsi_plus_gutenburg_max_per_row":"","footnotes":""},"categories":[2],"tags":[],"class_list":["post-148614","post","type-post","status-publish","format-standard","has-post-thumbnail","hentry","category-geral"],"_links":{"self":[{"href":"https:\/\/www.caririemacao.com\/1\/wp-json\/wp\/v2\/posts\/148614","targetHints":{"allow":["GET"]}}],"collection":[{"href":"https:\/\/www.caririemacao.com\/1\/wp-json\/wp\/v2\/posts"}],"about":[{"href":"https:\/\/www.caririemacao.com\/1\/wp-json\/wp\/v2\/types\/post"}],"author":[{"embeddable":true,"href":"https:\/\/www.caririemacao.com\/1\/wp-json\/wp\/v2\/users\/1"}],"replies":[{"embeddable":true,"href":"https:\/\/www.caririemacao.com\/1\/wp-json\/wp\/v2\/comments?post=148614"}],"version-history":[{"count":1,"href":"https:\/\/www.caririemacao.com\/1\/wp-json\/wp\/v2\/posts\/148614\/revisions"}],"predecessor-version":[{"id":148619,"href":"https:\/\/www.caririemacao.com\/1\/wp-json\/wp\/v2\/posts\/148614\/revisions\/148619"}],"wp:featuredmedia":[{"embeddable":true,"href":"https:\/\/www.caririemacao.com\/1\/wp-json\/wp\/v2\/media\/148618"}],"wp:attachment":[{"href":"https:\/\/www.caririemacao.com\/1\/wp-json\/wp\/v2\/media?parent=148614"}],"wp:term":[{"taxonomy":"category","embeddable":true,"href":"https:\/\/www.caririemacao.com\/1\/wp-json\/wp\/v2\/categories?post=148614"},{"taxonomy":"post_tag","embeddable":true,"href":"https:\/\/www.caririemacao.com\/1\/wp-json\/wp\/v2\/tags?post=148614"}],"curies":[{"name":"wp","href":"https:\/\/api.w.org\/{rel}","templated":true}]}}