{"id":148622,"date":"2020-01-23T14:16:52","date_gmt":"2020-01-23T17:16:52","guid":{"rendered":"http:\/\/www.caririemacao.com\/1\/?p=148622"},"modified":"2020-01-23T14:16:54","modified_gmt":"2020-01-23T17:16:54","slug":"governo-brasileiro-diz-que-esta-em-alerta-inicial-para-coronavirus","status":"publish","type":"post","link":"https:\/\/www.caririemacao.com\/1\/2020\/01\/23\/governo-brasileiro-diz-que-esta-em-alerta-inicial-para-coronavirus\/","title":{"rendered":"Governo brasileiro diz que est\u00e1 em alerta inicial para coronav\u00edrus"},"content":{"rendered":"\n<p>Diante dos casos de novo coronav\u00edrus na China, o Minist\u00e9rio da Sa\u00fade divulgou uma recomenda\u00e7\u00e3o nesta quinta-feira (23) para que equipes de sa\u00fade fiquem alertas a casos de pessoas com sintomas respirat\u00f3rios e que apresentam hist\u00f3rico de viagens a \u00e1reas de transmiss\u00e3o ativa do v\u00edrus.<\/p>\n\n\n\n<p>Na quarta-feira (22), a pasta ativou um centro de opera\u00e7\u00f5es de emerg\u00eancia para monitorar poss\u00edveis casos suspeitos.&nbsp;<\/p>\n\n\n\n<p>O centro, que \u00e9 formado por t\u00e9cnicos especializados em resposta a poss\u00edveis emerg\u00eancias de sa\u00fade p\u00fablica, foi ativado em n\u00edvel 1, o que indica um alerta inicial, visando a prepara\u00e7\u00e3o da rede -h\u00e1 tr\u00eas n\u00edveis poss\u00edveis. A previs\u00e3o \u00e9 que haja reuni\u00f5es di\u00e1rias para acompanhamento da situa\u00e7\u00e3o.<\/p>\n\n\n\n<p>At\u00e9 o momento, ao menos cinco casos chegaram a ser informados como suspeitos por secretarias estaduais de sa\u00fade. O minist\u00e9rio, por\u00e9m, afirma que todos foram descartados por n\u00e3o se enquadrarem nos crit\u00e9rios definidos pela Organiza\u00e7\u00e3o Mundial de Sa\u00fade para defini\u00e7\u00e3o de suspeita da doen\u00e7a.&nbsp;&nbsp;<\/p>\n\n\n\n<p>&#8220;Nesse momento, n\u00e3o temos nenhum caso suspeito de coronav\u00edrus no Brasil pelo crit\u00e9rio da OMS&#8221;, afirma o diretor do departamento de doen\u00e7as transmiss\u00edveis do minist\u00e9rio, Julio Croda.<\/p>\n\n\n\n<p>O minist\u00e9rio enquadra como casos suspeitos&nbsp;aqueles de pessoas que apresentarem sintomas respirat\u00f3rios, como febre, tosse e dificuldade para respirar, al\u00e9m de hist\u00f3rico de viagens a \u00e1reas de transmiss\u00e3o ativa do v\u00edrus nos \u00faltimos 14 dias antes do in\u00edcio dos sintomas.&nbsp;<\/p>\n\n\n\n<p>Atualmente, apenas Wuhan, na China, est\u00e1 nesta lista, de acordo com a Organiza\u00e7\u00e3o Mundial de Sa\u00fade. Caso seja detectada transmiss\u00e3o ativa em mais locais, a lista poder\u00e1 ser atualizada.&nbsp;<\/p>\n\n\n\n<p>A recomenda\u00e7\u00e3o do minist\u00e9rio a equipes de sa\u00fade ocorre ap\u00f3s a secretaria de sa\u00fade de Minas Gerais divulgar ter identificado um caso suspeito de coronav\u00edrus. O caso \u00e9 de uma paciente de 35 anos, e que apresentou sintomas respirat\u00f3rios ap\u00f3s voltar de viagem da China.&nbsp;<\/p>\n\n\n\n<p>O Minist\u00e9rio da Sa\u00fade, por\u00e9m, afirmou que o caso n\u00e3o se enquadra nessa defini\u00e7\u00e3o, uma vez que a paciente n\u00e3o esteve na regi\u00e3o de Wuhan, mas em Xangai, e n\u00e3o relata ter tido contato com pessoas com sintomas.<\/p>\n\n\n\n<p>A divulga\u00e7\u00e3o, assim, visa refor\u00e7ar o conceito que deve ser adotado junto \u00e0s demais secretarias.&nbsp;<\/p>\n\n\n\n<p>Segundo Croda, n\u00e3o h\u00e1 recomenda\u00e7\u00e3o para fazer testagem de rotina para coronav\u00edrus para casos que n\u00e3o se enquadram como suspeitos. Estados, por\u00e9m, t\u00eam autonomia para decidir adotar medidas pr\u00f3prias.&nbsp;<\/p>\n\n\n\n<p>Croda disse que a descoberta do novo coronav\u00edrus exige aten\u00e7\u00e3o, mas n\u00e3o h\u00e1 motivo para um &#8220;p\u00e2nico desnecess\u00e1rio&#8221;. Questionado sobre a avalia\u00e7\u00e3o de risco, ele afirma que ainda n\u00e3o h\u00e1 uma resposta clara.&nbsp;<\/p>\n\n\n\n<p>&#8220;No momento atual, com os fatos que foram reportados pela OMS, s\u00f3 existe transmiss\u00e3o em familiares e profissionais de sa\u00fade. Portanto ele se comporta como outros v\u00edrus coronav\u00edrus, com transmiss\u00e3o limitada&#8221;, diz.<\/p>\n\n\n\n<p>Ele afirma, por\u00e9m, que essa avalia\u00e7\u00e3o poder\u00e1 mudar a partir de novas evid\u00eancias, uma vez que o v\u00edrus passou por uma muta\u00e7\u00e3o.&nbsp;<\/p>\n\n\n\n<p>&#8220;Como o v\u00edrus sofreu uma muta\u00e7\u00e3o, n\u00e3o sabemos ainda se a transmiss\u00e3o \u00e9 mais limitada ou se pode adquirir uma habilidade maior de transmiss\u00e3o, como da influenza. Se for identificado uma transmiss\u00e3o mais importante de pessoas que n\u00e3o s\u00e3o familiares, isso acende um alerta da OMS, que pode declarar uma emerg\u00eancia.&#8221;<\/p>\n\n\n\n<p>A previs\u00e3o \u00e9 que a OMS fa\u00e7a uma nova reuni\u00e3o para avaliar o caso nesta quinta-feira (23).<\/p>\n","protected":false},"excerpt":{"rendered":"<p>Diante dos casos de novo coronav\u00edrus na China, o Minist\u00e9rio da Sa\u00fade divulgou uma recomenda\u00e7\u00e3o nesta quinta-feira (23) para que equipes de sa\u00fade fiquem alertas&hellip; <\/p>\n","protected":false},"author":1,"featured_media":148626,"comment_status":"closed","ping_status":"closed","sticky":false,"template":"","format":"standard","meta":{"sfsi_plus_gutenberg_text_before_share":"","sfsi_plus_gutenberg_show_text_before_share":"","sfsi_plus_gutenberg_icon_type":"","sfsi_plus_gutenberg_icon_alignemt":"","sfsi_plus_gutenburg_max_per_row":"","footnotes":""},"categories":[16],"tags":[],"class_list":["post-148622","post","type-post","status-publish","format-standard","has-post-thumbnail","hentry","category-saude"],"_links":{"self":[{"href":"https:\/\/www.caririemacao.com\/1\/wp-json\/wp\/v2\/posts\/148622","targetHints":{"allow":["GET"]}}],"collection":[{"href":"https:\/\/www.caririemacao.com\/1\/wp-json\/wp\/v2\/posts"}],"about":[{"href":"https:\/\/www.caririemacao.com\/1\/wp-json\/wp\/v2\/types\/post"}],"author":[{"embeddable":true,"href":"https:\/\/www.caririemacao.com\/1\/wp-json\/wp\/v2\/users\/1"}],"replies":[{"embeddable":true,"href":"https:\/\/www.caririemacao.com\/1\/wp-json\/wp\/v2\/comments?post=148622"}],"version-history":[{"count":1,"href":"https:\/\/www.caririemacao.com\/1\/wp-json\/wp\/v2\/posts\/148622\/revisions"}],"predecessor-version":[{"id":148627,"href":"https:\/\/www.caririemacao.com\/1\/wp-json\/wp\/v2\/posts\/148622\/revisions\/148627"}],"wp:featuredmedia":[{"embeddable":true,"href":"https:\/\/www.caririemacao.com\/1\/wp-json\/wp\/v2\/media\/148626"}],"wp:attachment":[{"href":"https:\/\/www.caririemacao.com\/1\/wp-json\/wp\/v2\/media?parent=148622"}],"wp:term":[{"taxonomy":"category","embeddable":true,"href":"https:\/\/www.caririemacao.com\/1\/wp-json\/wp\/v2\/categories?post=148622"},{"taxonomy":"post_tag","embeddable":true,"href":"https:\/\/www.caririemacao.com\/1\/wp-json\/wp\/v2\/tags?post=148622"}],"curies":[{"name":"wp","href":"https:\/\/api.w.org\/{rel}","templated":true}]}}