{"id":148631,"date":"2020-01-24T08:11:00","date_gmt":"2020-01-24T11:11:00","guid":{"rendered":"http:\/\/www.caririemacao.com\/1\/?p=148631"},"modified":"2020-01-24T08:11:03","modified_gmt":"2020-01-24T11:11:03","slug":"suspeita-de-caso-de-coronavirus-no-brasil-e-descartada","status":"publish","type":"post","link":"https:\/\/www.caririemacao.com\/1\/2020\/01\/24\/suspeita-de-caso-de-coronavirus-no-brasil-e-descartada\/","title":{"rendered":"Suspeita de caso de coronav\u00edrus no Brasil \u00e9 descartada"},"content":{"rendered":"\n<p><br>OMinist\u00e9rio da Sa\u00fade disse hoje (23) que j\u00e1 descartou a suspeita de casos de coronav\u00edrus em cinco unidades da federa\u00e7\u00e3o.<\/p>\n\n\n\n<p>Segundo a pasta, as notifica\u00e7\u00f5es \u00e0 rede Centro de Informa\u00e7\u00f5es Estrat\u00e9gicas em Vigil\u00e2ncia em Sa\u00fade (Cievs) feitas pelas secretarias de Sa\u00fade do Distrito Federal, Minas Gerais, Santa Catarina, S\u00e3o Paulo e Rio Grande do Sul n\u00e3o se enquadram nos crit\u00e9rios estabelecidos pela Organiza\u00e7\u00e3o Mundial de Sa\u00fade (OMS) para diagnosticar a doen\u00e7a.<\/p>\n\n\n\n<p>\u201cAt\u00e9 o momento, n\u00e3o existe nenhum caso suspeito de coronav\u00edrus no Brasil\u201d, afirmou o secret\u00e1rio substituto de Vigil\u00e2ncia em Sa\u00fade, J\u00falio Croda, ao explicar a jornalistas que o minist\u00e9rio vem acompanhando a situa\u00e7\u00e3o mundial desde 31 de dezembro, quando o primeiro caso de infec\u00e7\u00e3o pelo novo coronav\u00edrus (219-nCoV) foi oficialmente registrado na China. Segundo o secret\u00e1rio, o Brasil est\u00e1 preparado para lidar com uma eventual epidemia da doen\u00e7a.<\/p>\n\n\n\n<p>Evitando comentar o resultado dos exames laboratoriais a que as pessoas foram submetidos nos cinco casos reportados como suspeitos, o secret\u00e1rio foi taxativo.<\/p>\n\n\n\n<figure class=\"wp-block-image\"><img decoding=\"async\" data-src=\"https:\/\/paraibaonline.com.br\/wp-content\/uploads\/2020\/01\/secret%C3%A1rio-substituto-de-Vigil%C3%A2ncia-em-Sa%C3%BAde-J%C3%BAlio-Croda.jpg\" alt=\"Foto: Ag\u00eancia Brasil\" class=\"wp-image-832523 lazyload\" src=\"data:image\/svg+xml;base64,PHN2ZyB3aWR0aD0iMSIgaGVpZ2h0PSIxIiB4bWxucz0iaHR0cDovL3d3dy53My5vcmcvMjAwMC9zdmciPjwvc3ZnPg==\" \/><\/figure>\n\n\n\n<p>Foto: Ag\u00eancia Brasil<\/p>\n\n\n\n<p>\u201cA Organiza\u00e7\u00e3o Mundial da Sa\u00fade estabeleceu dois crit\u00e9rios [para atestar a presen\u00e7a do coronav\u00edrus no organismo]. Um cl\u00ednico: a pessoa precisa ter febre e mais algum sintoma respirat\u00f3rio. E temos os crit\u00e9rios epidemiol\u00f3gicos, que s\u00e3o tr\u00eas: ter viajado para Wuhan, na China; ter tido contato com algum paciente suspeito de coronav\u00edrus ou com algum paciente com [a doen\u00e7a] j\u00e1 confirmada. S\u00e3o estas as situa\u00e7\u00f5es em que uma pessoa pode ser enquadrada em um caso suspeito.\u201d<\/p>\n\n\n\n<p>Para Croda, h\u00e1 um justificado \u201cmedo generalizado\u201d diante da nova doen\u00e7a que, al\u00e9m da China, j\u00e1 se espalhou por oito pa\u00edses (Ar\u00e1bia Saudita, Cingapura, Coreia do Sul, Estados Unidos, Jap\u00e3o, Tail\u00e2ndia, Taiwan e Vietn\u00e3.<\/p>\n\n\n\n<p>Por isso, disse o secret\u00e1rio, para evitar alarmismo e gastos desnecess\u00e1rios, \u00e9 importante que os gestores de sa\u00fade estaduais se informem sobre as caracter\u00edsticas do coronav\u00edrus e a respeito dos crit\u00e9rios estabelecidos pela OMS.<\/p>\n\n\n\n<p>\u201cA recomenda\u00e7\u00e3o para os gestores \u00e9: leiam o boletim epidemiol\u00f3gico [divulgado pelo Minist\u00e9rio da Sa\u00fade]. Servi\u00e7os de vigil\u00e2ncia epidemiol\u00f3gica, leiam o boletim! Enquadrem suas suspeitas na defini\u00e7\u00e3o de caso aqui colocado, que \u00e9 a mesma da OMS. No momento, esta \u00e9 a principal recomenda\u00e7\u00e3o para os gestores. Que sigam as recomenda\u00e7\u00f5es do minist\u00e9rio\u201d, declarou o secret\u00e1rio substituto, reconhecendo que a defini\u00e7\u00e3o de casos de doen\u00e7as \u00e9 din\u00e2mica e precisa ser revista a todo instante.<\/p>\n\n\n\n<p>\u201cEm muitos momentos, a vigil\u00e2ncia epidemiol\u00f3gica estadual se antecipa e toma medidas preventivas necess\u00e1rias e solicita os exames necess\u00e1rios. N\u00e3o h\u00e1 nenhum problema em rela\u00e7\u00e3o \u00e0s [secretarias estaduais] reportarem um poss\u00edvel caso ao Minist\u00e9rio. Trabalharemos juntos para esclarecer a situa\u00e7\u00e3o\u201d, comentou o secret\u00e1rio substituto, garantindo que, ontem mesmo, entrou em contato com a secretaria de Sa\u00fade de Minas Gerais para tratar do caso reportado como suspeito pela secretaria estadual. \u201c\u00c9 um caso que n\u00e3o se enquadra na atual defini\u00e7\u00e3o da OMS.\u201d<\/p>\n\n\n\n<p>Croda ressaltou que as secretarias estaduais t\u00eam autonomia para submeter a exames os casos que julgarem suspeitos, mas o Minist\u00e9rio da Sa\u00fade, com base na atual orienta\u00e7\u00e3o da OMS, n\u00e3o recomenda que isto seja feito por julgar uma a\u00e7\u00e3o pouco efetiva e dispendiosa.<\/p>\n\n\n\n<p>\u201cN\u00e3o vamos fazer exames para todas as s\u00edndromes gripais, que s\u00e3o avaliadas de acordo com o protocolo de influenza, que \u00e9 o v\u00edrus mais comum. Nestes casos, n\u00e3o h\u00e1 por que submeter [o paciente] ao protocolo de coronav\u00edrus\u201d, acrescentou Croda, sem revelar o resultado dos testes a que foram submetidos os pacientes dos cinco casos que estados relataram como suspeita de coronav\u00edrus.<\/p>\n\n\n\n<p>\u201cEles foram encaminhados para exames laboratoriais para testagem de influenza. O resultado ainda est\u00e3o sendo processados. Este teste n\u00e3o vai detectar coronav\u00edrus, mas sim influenza\u201d.<\/p>\n\n\n\n<p>O secret\u00e1rio substituto de Vigil\u00e2ncia em Sa\u00fade garantiu que o Brasil est\u00e1 preparado para lidar com uma eventual epidemia da doen\u00e7a.<\/p>\n\n\n\n<p>\u201cPor enquanto, segundo a OMS, a transmiss\u00e3o do v\u00edrus est\u00e1 restrita entre familiares e profissionais de sa\u00fade. E o Brasil est\u00e1 preparado. J\u00e1 ativamos nosso Centro de Opera\u00e7\u00f5es em Emerg\u00eancia para organizar a rede com os estados e estabelecer crit\u00e9rios de defini\u00e7\u00e3o de casos. E, principalmente, atualizar diariamente as informa\u00e7\u00f5es que forem surgindo, como eventuais mudan\u00e7as na defini\u00e7\u00e3o de casos\u201d, acrescentou Croda.<\/p>\n\n\n\n<p>Caracter\u00edsticas<br>Segundo o Minist\u00e9rio da Sa\u00fade, os coronav\u00edrus s\u00e3o uma grande fam\u00edlia viral que causa infec\u00e7\u00f5es respirat\u00f3rias em seres humanos e em animais.<\/p>\n\n\n\n<p>Os coronav\u00edrus humanos causam doen\u00e7a respirat\u00f3ria, de leve a moderada, no trato respirat\u00f3rio superior. Os v\u00edrus receberam esse nome devido \u00e0s esp\u00edculas na sua superf\u00edcie, que lembram uma coroa.<\/p>\n\n\n\n<p>Os primeiros coronav\u00edrus humanos foram inicialmente identificados em meados da d\u00e9cada de 1960.<\/p>\n","protected":false},"excerpt":{"rendered":"<p>OMinist\u00e9rio da Sa\u00fade disse hoje (23) que j\u00e1 descartou a suspeita de casos de coronav\u00edrus em cinco unidades da federa\u00e7\u00e3o. Segundo a pasta, as notifica\u00e7\u00f5es&hellip; <\/p>\n","protected":false},"author":1,"featured_media":148632,"comment_status":"closed","ping_status":"closed","sticky":false,"template":"","format":"standard","meta":{"sfsi_plus_gutenberg_text_before_share":"","sfsi_plus_gutenberg_show_text_before_share":"","sfsi_plus_gutenberg_icon_type":"","sfsi_plus_gutenberg_icon_alignemt":"","sfsi_plus_gutenburg_max_per_row":"","footnotes":""},"categories":[50,16],"tags":[],"class_list":["post-148631","post","type-post","status-publish","format-standard","has-post-thumbnail","hentry","category-destaque","category-saude"],"_links":{"self":[{"href":"https:\/\/www.caririemacao.com\/1\/wp-json\/wp\/v2\/posts\/148631","targetHints":{"allow":["GET"]}}],"collection":[{"href":"https:\/\/www.caririemacao.com\/1\/wp-json\/wp\/v2\/posts"}],"about":[{"href":"https:\/\/www.caririemacao.com\/1\/wp-json\/wp\/v2\/types\/post"}],"author":[{"embeddable":true,"href":"https:\/\/www.caririemacao.com\/1\/wp-json\/wp\/v2\/users\/1"}],"replies":[{"embeddable":true,"href":"https:\/\/www.caririemacao.com\/1\/wp-json\/wp\/v2\/comments?post=148631"}],"version-history":[{"count":1,"href":"https:\/\/www.caririemacao.com\/1\/wp-json\/wp\/v2\/posts\/148631\/revisions"}],"predecessor-version":[{"id":148633,"href":"https:\/\/www.caririemacao.com\/1\/wp-json\/wp\/v2\/posts\/148631\/revisions\/148633"}],"wp:featuredmedia":[{"embeddable":true,"href":"https:\/\/www.caririemacao.com\/1\/wp-json\/wp\/v2\/media\/148632"}],"wp:attachment":[{"href":"https:\/\/www.caririemacao.com\/1\/wp-json\/wp\/v2\/media?parent=148631"}],"wp:term":[{"taxonomy":"category","embeddable":true,"href":"https:\/\/www.caririemacao.com\/1\/wp-json\/wp\/v2\/categories?post=148631"},{"taxonomy":"post_tag","embeddable":true,"href":"https:\/\/www.caririemacao.com\/1\/wp-json\/wp\/v2\/tags?post=148631"}],"curies":[{"name":"wp","href":"https:\/\/api.w.org\/{rel}","templated":true}]}}