{"id":148648,"date":"2020-01-24T08:13:32","date_gmt":"2020-01-24T11:13:32","guid":{"rendered":"http:\/\/www.caririemacao.com\/1\/?p=148648"},"modified":"2020-01-24T08:13:33","modified_gmt":"2020-01-24T11:13:33","slug":"detran-pb-diz-que-novo-emplacamento-e-obrigatorio-apenas-para-carros-novos-e-alteracoes-nas-caracteristicas-do-veiculo","status":"publish","type":"post","link":"https:\/\/www.caririemacao.com\/1\/2020\/01\/24\/detran-pb-diz-que-novo-emplacamento-e-obrigatorio-apenas-para-carros-novos-e-alteracoes-nas-caracteristicas-do-veiculo\/","title":{"rendered":"Detran-PB diz que novo emplacamento \u00e9 obrigat\u00f3rio apenas para carros novos e altera\u00e7\u00f5es nas caracter\u00edsticas do ve\u00edculo"},"content":{"rendered":"\n<p>O superintendente do Departamento Estadual de Tr\u00e2nsito (Detran-PB) Agamenon Vieira alertou que a mudan\u00e7a para o novo emplacamento n\u00e3o \u00e9 obrigat\u00f3ria, e que apenas carros novos ou que sejam submetidos a altera\u00e7\u00f5es em suas caracter\u00edsticas devem ser emplacados com as novas placas Mercosul. O prazo m\u00e1ximo para as altera\u00e7\u00f5es vai at\u00e9 o dia 31 de janeiro.<\/p>\n\n\n\n<p>Na Para\u00edba, desde o dia 11 de novembro que os ve\u00edculos entre carros e motos j\u00e1 est\u00e3o saindo das lojas com o novo emplacamento. A decis\u00e3o foi aprovada em&nbsp;28 de junho do ano passado pelo Conselho Nacional de Tr\u00e2nsito, o Contran. A mudan\u00e7a acontece porque as placas cinzas foram extintas do mercado e foram substitu\u00eddas pelas novas placas internacionais.<\/p>\n\n\n\n<p>\u201cCom o prazo&nbsp;se aproximando para todo o Brasil,&nbsp;os condutores e os propriet\u00e1rios pensam que agora s\u00e3o obrigados a trocar a&nbsp;placa, mas \u00e9 importante destacar que s\u00f3 \u00e9 obrigat\u00f3rio mesmo caso o carro seja novo ou passe por alguma transforma\u00e7\u00e3o, seja domiciliar ou est\u00e9tica. Se a pessoa&nbsp;transferir de domicilio ai ser\u00e1 necess\u00e1ria a nova plana, se eu pego uma caminhoneta e fa\u00e7o uma transforma\u00e7\u00e3o&nbsp;nela, se eu&nbsp;mudo a caracter\u00edstica do carro ter\u00e1 que trocar a placa\u201d, esclareceu.<\/p>\n\n\n\n<p>O gestor refor\u00e7ou que a mudan\u00e7a se deve pelo fato de que apenas as placas Mercosul \u00e9 que passaram a ser produzidas no pa\u00eds. \u201cN\u00e3o vai ter mais produ\u00e7\u00e3o da placa cinza. \u00c9 por isso que qualquer mudan\u00e7a ser\u00e1 com a placa nova.&nbsp;Todos os carros que foram vendidos a partir do dia 11 de novembro j\u00e1 est\u00e3o saindo com a nova placa.\u201d<\/p>\n\n\n\n<p>Ainda segundo ele mais de 20 mil carros j\u00e1 passaram pelo procedimento de substitui\u00e7\u00e3o at\u00e9 o momento. Ao todo a Para\u00edba possui uma frota de 1.350 milh\u00f5es de ve\u00edculos.<\/p>\n\n\n\n<p>O procedimento para a substitui\u00e7\u00e3o deve ser feito em uma das unidades do Detran-PB. Os valores variam de&nbsp;R$ 219 para carro e R$ 180 para moto.<\/p>\n\n\n\n<p>Fonte: ClickPB<\/p>\n","protected":false},"excerpt":{"rendered":"<p>O superintendente do Departamento Estadual de Tr\u00e2nsito (Detran-PB) Agamenon Vieira alertou que a mudan\u00e7a para o novo emplacamento n\u00e3o \u00e9 obrigat\u00f3ria, e que apenas carros&hellip; <\/p>\n","protected":false},"author":1,"featured_media":148649,"comment_status":"closed","ping_status":"closed","sticky":false,"template":"","format":"standard","meta":{"sfsi_plus_gutenberg_text_before_share":"","sfsi_plus_gutenberg_show_text_before_share":"","sfsi_plus_gutenberg_icon_type":"","sfsi_plus_gutenberg_icon_alignemt":"","sfsi_plus_gutenburg_max_per_row":"","footnotes":""},"categories":[50,2],"tags":[],"class_list":["post-148648","post","type-post","status-publish","format-standard","has-post-thumbnail","hentry","category-destaque","category-geral"],"_links":{"self":[{"href":"https:\/\/www.caririemacao.com\/1\/wp-json\/wp\/v2\/posts\/148648","targetHints":{"allow":["GET"]}}],"collection":[{"href":"https:\/\/www.caririemacao.com\/1\/wp-json\/wp\/v2\/posts"}],"about":[{"href":"https:\/\/www.caririemacao.com\/1\/wp-json\/wp\/v2\/types\/post"}],"author":[{"embeddable":true,"href":"https:\/\/www.caririemacao.com\/1\/wp-json\/wp\/v2\/users\/1"}],"replies":[{"embeddable":true,"href":"https:\/\/www.caririemacao.com\/1\/wp-json\/wp\/v2\/comments?post=148648"}],"version-history":[{"count":1,"href":"https:\/\/www.caririemacao.com\/1\/wp-json\/wp\/v2\/posts\/148648\/revisions"}],"predecessor-version":[{"id":148650,"href":"https:\/\/www.caririemacao.com\/1\/wp-json\/wp\/v2\/posts\/148648\/revisions\/148650"}],"wp:featuredmedia":[{"embeddable":true,"href":"https:\/\/www.caririemacao.com\/1\/wp-json\/wp\/v2\/media\/148649"}],"wp:attachment":[{"href":"https:\/\/www.caririemacao.com\/1\/wp-json\/wp\/v2\/media?parent=148648"}],"wp:term":[{"taxonomy":"category","embeddable":true,"href":"https:\/\/www.caririemacao.com\/1\/wp-json\/wp\/v2\/categories?post=148648"},{"taxonomy":"post_tag","embeddable":true,"href":"https:\/\/www.caririemacao.com\/1\/wp-json\/wp\/v2\/tags?post=148648"}],"curies":[{"name":"wp","href":"https:\/\/api.w.org\/{rel}","templated":true}]}}