{"id":148666,"date":"2020-01-24T08:16:37","date_gmt":"2020-01-24T11:16:37","guid":{"rendered":"http:\/\/www.caririemacao.com\/1\/?p=148666"},"modified":"2020-01-24T08:16:39","modified_gmt":"2020-01-24T11:16:39","slug":"medicamento-para-asma-grave-e-avaliado-para-incorporacao-no-sus","status":"publish","type":"post","link":"https:\/\/www.caririemacao.com\/1\/2020\/01\/24\/medicamento-para-asma-grave-e-avaliado-para-incorporacao-no-sus\/","title":{"rendered":"Medicamento para asma grave \u00e9 avaliado para incorpora\u00e7\u00e3o no SUS"},"content":{"rendered":"\n<p>No Brasil, estima-se que a preval\u00eancia de asma seja em torno de 10% da popula\u00e7\u00e3o, sendo que os casos de asma grave est\u00e3o entre 5 a 10% do total dessa preval\u00eancia. Em 2008 a asma foi a 3\u00aa causa de interna\u00e7\u00e3o hospitalar pelo SUS, com cerca de 300 mil hospitaliza\u00e7\u00f5es ao ano. \u00c9 para atender ainda melhor este p\u00fablico e evitar agravamento da doen\u00e7a, que o Minist\u00e9rio da Sa\u00fade, por meio da Comiss\u00e3o Nacional de Incorpora\u00e7\u00e3o de Tecnologias no Sistema \u00danico de Sa\u00fade (Conitec), abriu consulta p\u00fablica para avaliar a incorpora\u00e7\u00e3o do medicamento omalizumabe. Ele \u00e9 indicado para tratamento da asma al\u00e9rgica grave em pacientes que n\u00e3o conseguiram o controle da doen\u00e7a apesar do tratamento preconizado.<\/p>\n\n\n\n<p>A avalia\u00e7\u00e3o da Comiss\u00e3o, discutida, de forma preliminar em agosto desse ano, buscou evid\u00eancias sobre a efic\u00e1cia e seguran\u00e7a do omalizumabe como terapia adicional ao tratamento medicamentoso padr\u00e3o para pacientes com a forma al\u00e9rgica grave n\u00e3o controlada da doen\u00e7a, mesmo depois de fazer uso do corticoide inalat\u00f3rio associado a um beta-2 agonista de longa dura\u00e7\u00e3o. A avalia\u00e7\u00e3o preliminar pela Comiss\u00e3o n\u00e3o encontrou evid\u00eancias cient\u00edficas suficientes para justificar a incorpora\u00e7\u00e3o do medicamento. Agora o tema segue para a consulta p\u00fablica, para receber as contribui\u00e7\u00f5es da sociedade. Estima-se que a incorpora\u00e7\u00e3o do medicamento omalizumabe, de acordo com an\u00e1lise de impacto or\u00e7ament\u00e1rio, tenha um custo de R$ 70 a R$ 78 milh\u00f5es no primeiro ano e R$ 486 a R$ 529 milh\u00f5es aos cinco anos. Essa varia\u00e7\u00e3o nos custos ocorre porque n\u00e3o se sabe exatamente quantas pessoas ir\u00e3o utilizar o medicamento.<\/p>\n\n\n\n<p>Com Minist\u00e9rio da Sa\u00fade<\/p>\n","protected":false},"excerpt":{"rendered":"<p>No Brasil, estima-se que a preval\u00eancia de asma seja em torno de 10% da popula\u00e7\u00e3o, sendo que os casos de asma grave est\u00e3o entre 5&hellip; <\/p>\n","protected":false},"author":1,"featured_media":25939,"comment_status":"closed","ping_status":"closed","sticky":false,"template":"","format":"standard","meta":{"sfsi_plus_gutenberg_text_before_share":"","sfsi_plus_gutenberg_show_text_before_share":"","sfsi_plus_gutenberg_icon_type":"","sfsi_plus_gutenberg_icon_alignemt":"","sfsi_plus_gutenburg_max_per_row":"","footnotes":""},"categories":[16],"tags":[],"class_list":["post-148666","post","type-post","status-publish","format-standard","has-post-thumbnail","hentry","category-saude"],"_links":{"self":[{"href":"https:\/\/www.caririemacao.com\/1\/wp-json\/wp\/v2\/posts\/148666","targetHints":{"allow":["GET"]}}],"collection":[{"href":"https:\/\/www.caririemacao.com\/1\/wp-json\/wp\/v2\/posts"}],"about":[{"href":"https:\/\/www.caririemacao.com\/1\/wp-json\/wp\/v2\/types\/post"}],"author":[{"embeddable":true,"href":"https:\/\/www.caririemacao.com\/1\/wp-json\/wp\/v2\/users\/1"}],"replies":[{"embeddable":true,"href":"https:\/\/www.caririemacao.com\/1\/wp-json\/wp\/v2\/comments?post=148666"}],"version-history":[{"count":1,"href":"https:\/\/www.caririemacao.com\/1\/wp-json\/wp\/v2\/posts\/148666\/revisions"}],"predecessor-version":[{"id":148668,"href":"https:\/\/www.caririemacao.com\/1\/wp-json\/wp\/v2\/posts\/148666\/revisions\/148668"}],"wp:featuredmedia":[{"embeddable":true,"href":"https:\/\/www.caririemacao.com\/1\/wp-json\/wp\/v2\/media\/25939"}],"wp:attachment":[{"href":"https:\/\/www.caririemacao.com\/1\/wp-json\/wp\/v2\/media?parent=148666"}],"wp:term":[{"taxonomy":"category","embeddable":true,"href":"https:\/\/www.caririemacao.com\/1\/wp-json\/wp\/v2\/categories?post=148666"},{"taxonomy":"post_tag","embeddable":true,"href":"https:\/\/www.caririemacao.com\/1\/wp-json\/wp\/v2\/tags?post=148666"}],"curies":[{"name":"wp","href":"https:\/\/api.w.org\/{rel}","templated":true}]}}