{"id":148680,"date":"2020-01-24T08:22:15","date_gmt":"2020-01-24T11:22:15","guid":{"rendered":"http:\/\/www.caririemacao.com\/1\/?p=148680"},"modified":"2020-01-24T08:22:18","modified_gmt":"2020-01-24T11:22:18","slug":"governo-divulga-editais-de-selecao-de-professores-bolsistas-do-paraibatec","status":"publish","type":"post","link":"https:\/\/www.caririemacao.com\/1\/2020\/01\/24\/governo-divulga-editais-de-selecao-de-professores-bolsistas-do-paraibatec\/","title":{"rendered":"Governo divulga editais de sele\u00e7\u00e3o de professores bolsistas do ParaibaTec"},"content":{"rendered":"\n<p>O Governo do Estado publicou, na edi\u00e7\u00e3o desta sexta-feira (24), dois editais de processo de sele\u00e7\u00e3o p\u00fablica simplificada para professores bolsistas para o programa ParaibaTec e cadastro de reserva.<\/p>\n\n\n\n<p>O pagamento das bolsas aos profissionais que atuar\u00e3o na Bolsa-aux\u00edlio ocorrer\u00e1 por hora de trabalho, variando de R$ 30 reais (para profissionais com doutorado) a R$ 12 (por not\u00f3rio saber). As inscri\u00e7\u00f5es come\u00e7am hoje e estendem ao dia 29 de janeiro. No dia 31 ser\u00e1 divulgada a rela\u00e7\u00e3o de inscritos.<\/p>\n\n\n\n<p>A sele\u00e7\u00e3o ocorrer\u00e1 por meio de avalia\u00e7\u00e3o curricular, com car\u00e1ter eliminat\u00f3rio e classificat\u00f3rio. O resultado final e a divulga\u00e7\u00e3o da posse dos aprovados est\u00e3o previstos para o dia 12 de fevereiro.<\/p>\n\n\n\n<p><strong><a href=\"https:\/\/auniao.pb.gov.br\/servicos\/arquivo-digital\/doe\/janeiro\/janeiro\/diario-oficial-24-01-2020.pdf\">Confira no Di\u00e1rio Oficial<\/a><\/strong><\/p>\n\n\n\n<p><strong>MaisPB<\/strong><\/p>\n","protected":false},"excerpt":{"rendered":"<p>O Governo do Estado publicou, na edi\u00e7\u00e3o desta sexta-feira (24), dois editais de processo de sele\u00e7\u00e3o p\u00fablica simplificada para professores bolsistas para o programa ParaibaTec&hellip; <\/p>\n","protected":false},"author":1,"featured_media":147619,"comment_status":"closed","ping_status":"closed","sticky":false,"template":"","format":"standard","meta":{"sfsi_plus_gutenberg_text_before_share":"","sfsi_plus_gutenberg_show_text_before_share":"","sfsi_plus_gutenberg_icon_type":"","sfsi_plus_gutenberg_icon_alignemt":"","sfsi_plus_gutenburg_max_per_row":"","footnotes":""},"categories":[14],"tags":[],"class_list":["post-148680","post","type-post","status-publish","format-standard","has-post-thumbnail","hentry","category-educacao"],"_links":{"self":[{"href":"https:\/\/www.caririemacao.com\/1\/wp-json\/wp\/v2\/posts\/148680","targetHints":{"allow":["GET"]}}],"collection":[{"href":"https:\/\/www.caririemacao.com\/1\/wp-json\/wp\/v2\/posts"}],"about":[{"href":"https:\/\/www.caririemacao.com\/1\/wp-json\/wp\/v2\/types\/post"}],"author":[{"embeddable":true,"href":"https:\/\/www.caririemacao.com\/1\/wp-json\/wp\/v2\/users\/1"}],"replies":[{"embeddable":true,"href":"https:\/\/www.caririemacao.com\/1\/wp-json\/wp\/v2\/comments?post=148680"}],"version-history":[{"count":1,"href":"https:\/\/www.caririemacao.com\/1\/wp-json\/wp\/v2\/posts\/148680\/revisions"}],"predecessor-version":[{"id":148681,"href":"https:\/\/www.caririemacao.com\/1\/wp-json\/wp\/v2\/posts\/148680\/revisions\/148681"}],"wp:featuredmedia":[{"embeddable":true,"href":"https:\/\/www.caririemacao.com\/1\/wp-json\/wp\/v2\/media\/147619"}],"wp:attachment":[{"href":"https:\/\/www.caririemacao.com\/1\/wp-json\/wp\/v2\/media?parent=148680"}],"wp:term":[{"taxonomy":"category","embeddable":true,"href":"https:\/\/www.caririemacao.com\/1\/wp-json\/wp\/v2\/categories?post=148680"},{"taxonomy":"post_tag","embeddable":true,"href":"https:\/\/www.caririemacao.com\/1\/wp-json\/wp\/v2\/tags?post=148680"}],"curies":[{"name":"wp","href":"https:\/\/api.w.org\/{rel}","templated":true}]}}