{"id":148683,"date":"2020-01-24T08:24:15","date_gmt":"2020-01-24T11:24:15","guid":{"rendered":"http:\/\/www.caririemacao.com\/1\/?p=148683"},"modified":"2020-01-24T08:24:17","modified_gmt":"2020-01-24T11:24:17","slug":"tre-decide-manter-sedes-de-zonas-eleitorais-no-interior-da-paraiba","status":"publish","type":"post","link":"https:\/\/www.caririemacao.com\/1\/2020\/01\/24\/tre-decide-manter-sedes-de-zonas-eleitorais-no-interior-da-paraiba\/","title":{"rendered":"TRE decide manter sedes de Zonas Eleitorais no interior da Para\u00edba"},"content":{"rendered":"\n<p>O Tribunal Regional Eleitoral da Para\u00edba (TRE-PB) decidiu, nesta quinta-feira (23), n\u00e3o extinguir as sedes de Tr\u00eas Zonas Eleitorais no Estado. A Justi\u00e7a Eleitoral atendeu pedido da Associa\u00e7\u00e3o dos Magistrados da Para\u00edba (AMPB) e transferiu as sedes das Zonas Eleitorais para cidades mais pr\u00f3ximas.<\/p>\n\n\n\n<p>Dessa forma, a Zona Eleitoral de Brejo do Cruz ser\u00e1 transferida para Catol\u00e9 do Rocha, a de Malta, para Patos, e a de S\u00e3o Jo\u00e3o do Cariri, funcionar\u00e1 em Campina Grande.<\/p>\n\n\n\n<p>Ao programa&nbsp;<strong>Hora H<\/strong>, o &nbsp;presidente da Associa\u00e7\u00e3o dos Magistrados da Para\u00edba, juiz Max Nunes, alegou que, se Zonas Eleitorais a extens\u00e3o levaria dificuldades para a popula\u00e7\u00e3o.<\/p>\n\n\n\n<p>\u201cSe as Zonas fossem fechadas ficaria mais dif\u00edcil nos anos eleitorais o Poder Judici\u00e1rio estar mais pr\u00f3ximo da popula\u00e7\u00e3o na condu\u00e7\u00e3o do processo porque teria menos ju\u00edzes e promotores eleitorais atuando nas elei\u00e7\u00f5es\u201d, afirmou.<\/p>\n\n\n\n<p><strong>Roberto Targino \u2013 MaisPB<\/strong><\/p>\n","protected":false},"excerpt":{"rendered":"<p>O Tribunal Regional Eleitoral da Para\u00edba (TRE-PB) decidiu, nesta quinta-feira (23), n\u00e3o extinguir as sedes de Tr\u00eas Zonas Eleitorais no Estado. A Justi\u00e7a Eleitoral atendeu&hellip; <\/p>\n","protected":false},"author":1,"featured_media":127013,"comment_status":"closed","ping_status":"closed","sticky":false,"template":"","format":"standard","meta":{"sfsi_plus_gutenberg_text_before_share":"","sfsi_plus_gutenberg_show_text_before_share":"","sfsi_plus_gutenberg_icon_type":"","sfsi_plus_gutenberg_icon_alignemt":"","sfsi_plus_gutenburg_max_per_row":"","footnotes":""},"categories":[6],"tags":[],"class_list":["post-148683","post","type-post","status-publish","format-standard","has-post-thumbnail","hentry","category-cidades"],"_links":{"self":[{"href":"https:\/\/www.caririemacao.com\/1\/wp-json\/wp\/v2\/posts\/148683","targetHints":{"allow":["GET"]}}],"collection":[{"href":"https:\/\/www.caririemacao.com\/1\/wp-json\/wp\/v2\/posts"}],"about":[{"href":"https:\/\/www.caririemacao.com\/1\/wp-json\/wp\/v2\/types\/post"}],"author":[{"embeddable":true,"href":"https:\/\/www.caririemacao.com\/1\/wp-json\/wp\/v2\/users\/1"}],"replies":[{"embeddable":true,"href":"https:\/\/www.caririemacao.com\/1\/wp-json\/wp\/v2\/comments?post=148683"}],"version-history":[{"count":1,"href":"https:\/\/www.caririemacao.com\/1\/wp-json\/wp\/v2\/posts\/148683\/revisions"}],"predecessor-version":[{"id":148684,"href":"https:\/\/www.caririemacao.com\/1\/wp-json\/wp\/v2\/posts\/148683\/revisions\/148684"}],"wp:featuredmedia":[{"embeddable":true,"href":"https:\/\/www.caririemacao.com\/1\/wp-json\/wp\/v2\/media\/127013"}],"wp:attachment":[{"href":"https:\/\/www.caririemacao.com\/1\/wp-json\/wp\/v2\/media?parent=148683"}],"wp:term":[{"taxonomy":"category","embeddable":true,"href":"https:\/\/www.caririemacao.com\/1\/wp-json\/wp\/v2\/categories?post=148683"},{"taxonomy":"post_tag","embeddable":true,"href":"https:\/\/www.caririemacao.com\/1\/wp-json\/wp\/v2\/tags?post=148683"}],"curies":[{"name":"wp","href":"https:\/\/api.w.org\/{rel}","templated":true}]}}