{"id":148710,"date":"2020-01-24T08:33:14","date_gmt":"2020-01-24T11:33:14","guid":{"rendered":"http:\/\/www.caririemacao.com\/1\/?p=148710"},"modified":"2020-01-24T08:33:16","modified_gmt":"2020-01-24T11:33:16","slug":"governo-quer-imposto-do-pecado-sobre-cigarro-alcool-e-doces-diz-guedes-em-davos","status":"publish","type":"post","link":"https:\/\/www.caririemacao.com\/1\/2020\/01\/24\/governo-quer-imposto-do-pecado-sobre-cigarro-alcool-e-doces-diz-guedes-em-davos\/","title":{"rendered":"Governo quer &#8216;imposto do pecado&#8217; sobre cigarro, \u00e1lcool e doces, diz Guedes em Davos"},"content":{"rendered":"\n<p>O ministro da Economia, Paulo Guedes, afirmou o governo estuda incluir na proposta de reforma tribut\u00e1ria um &#8220;imposto sobre pecados&#8221;, que seria cobrado sobre produtos que prejudicam a sa\u00fade, como cigarro, bebidas e armas. A novidade da proposta seria a cobran\u00e7a do imposto adicional sobre doces, considerados um fator para a obesidade, especialmente a infantil, elevando o risco de desenvolvimento de doen\u00e7as graves como o diabetes.<\/p>\n\n\n\n<p>&#8220;Pedi simula\u00e7\u00f5es para, dentro da discuss\u00e3o dos impostos seletivos, agrupar o que os acad\u00eamicos chamam de impostos sobre pecados: cigarro, bebida alco\u00f3lica e a\u00e7ucarados. Deram esse nome porque, por exemplo, se o cara que fuma muito vai ter c\u00e2ncer de pulm\u00e3o, tuberculose, enfisema e, l\u00e1 na frente, vai ter de gastar com o tratamento, entrar no sistema de sa\u00fade. Ent\u00e3o coloca um imposto sobre o cigarro para ver se as pessoas fumam menos&#8221;, disse Guedes em evento no F\u00f3rum Econ\u00f4mico Mundial, realizado em Davos.<\/p>\n\n\n\n<p>Segundo dados de 2018 compilados pelo Minist\u00e9rio da Sa\u00fade, 1 em cada 5 brasileiros \u00e9 obeso \u2014 recorde no pa\u00eds.<\/p>\n\n\n\n<p>A ideia da equipe de Guedes \u00e9 aproveitar a reforma tribut\u00e1ria para fazer a modifica\u00e7\u00e3o.&nbsp;<\/p>\n\n\n\n<p>O objetivo do governo na reforma \u00e9 promover a simplifica\u00e7\u00e3o, reduzindo o n\u00famero de al\u00edquotas e classifica\u00e7\u00f5es, bem como as exce\u00e7\u00f5es \u00e0s regras. Como exemplo, o IPI, imposto federal que est\u00e1 na reforma, \u00e9 um dos mais intrincados. O conjunto de regras chega a ocupar mais de 400 p\u00e1ginas.<\/p>\n\n\n\n<p>O governo federal j\u00e1 decidiu que n\u00e3o vai elaborar sua pr\u00f3pria reforma tribut\u00e1ria, mas enviar sugest\u00f5es aos projetos que j\u00e1 est\u00e3o tramitando na C\u00e2mara e no Senado.<\/p>\n\n\n\n<p>As duas propostas que est\u00e3o nas casas j\u00e1 preveem, al\u00e9m do IBS (imposto \u00fanico sobre o consumo parecido com o IVA), um imposto seletivo para desestimular o consumo de produtos como cigarro, bebidas alco\u00f3licas e armas. A novidade \u00e9 a inclus\u00e3o de produtos com a\u00e7\u00facar.&nbsp;<\/p>\n\n\n\n<p>Tributa\u00e7\u00e3o sobre doces \u00e9 uma nova discuss\u00e3o global. O Reino Unido foi um dos pa\u00edses que adotou o imposto sobre produtos com a\u00e7\u00facar, em 2018, com amplo apoio da comunidade m\u00e9dica. O efeito da tributa\u00e7\u00e3o tem sido avaliada como positivo, mas ainda faltam evid\u00eancias cient\u00edficas que mostrem seu efeito para a sa\u00fade. Outros pa\u00edses europeus e estados americanos debatem a ado\u00e7\u00e3o da taxa.<\/p>\n\n\n\n<p>No Senado brasileiro, j\u00e1 tramita um projeto de lei do senador Rog\u00e9rio Carvalho (PT-SE) para aumentar a tributa\u00e7\u00e3o especificamente de bebidas a\u00e7ucaradas, apontadas por estudos m\u00e9dicos como correspons\u00e1veis pelo aumento da obesidade e doen\u00e7as dela derivadas.<\/p>\n","protected":false},"excerpt":{"rendered":"<p>O ministro da Economia, Paulo Guedes, afirmou o governo estuda incluir na proposta de reforma tribut\u00e1ria um &#8220;imposto sobre pecados&#8221;, que seria cobrado sobre produtos&hellip; <\/p>\n","protected":false},"author":1,"featured_media":147477,"comment_status":"closed","ping_status":"closed","sticky":false,"template":"","format":"standard","meta":{"sfsi_plus_gutenberg_text_before_share":"","sfsi_plus_gutenberg_show_text_before_share":"","sfsi_plus_gutenberg_icon_type":"","sfsi_plus_gutenberg_icon_alignemt":"","sfsi_plus_gutenburg_max_per_row":"","footnotes":""},"categories":[11],"tags":[],"class_list":["post-148710","post","type-post","status-publish","format-standard","has-post-thumbnail","hentry","category-politica"],"_links":{"self":[{"href":"https:\/\/www.caririemacao.com\/1\/wp-json\/wp\/v2\/posts\/148710","targetHints":{"allow":["GET"]}}],"collection":[{"href":"https:\/\/www.caririemacao.com\/1\/wp-json\/wp\/v2\/posts"}],"about":[{"href":"https:\/\/www.caririemacao.com\/1\/wp-json\/wp\/v2\/types\/post"}],"author":[{"embeddable":true,"href":"https:\/\/www.caririemacao.com\/1\/wp-json\/wp\/v2\/users\/1"}],"replies":[{"embeddable":true,"href":"https:\/\/www.caririemacao.com\/1\/wp-json\/wp\/v2\/comments?post=148710"}],"version-history":[{"count":1,"href":"https:\/\/www.caririemacao.com\/1\/wp-json\/wp\/v2\/posts\/148710\/revisions"}],"predecessor-version":[{"id":148711,"href":"https:\/\/www.caririemacao.com\/1\/wp-json\/wp\/v2\/posts\/148710\/revisions\/148711"}],"wp:featuredmedia":[{"embeddable":true,"href":"https:\/\/www.caririemacao.com\/1\/wp-json\/wp\/v2\/media\/147477"}],"wp:attachment":[{"href":"https:\/\/www.caririemacao.com\/1\/wp-json\/wp\/v2\/media?parent=148710"}],"wp:term":[{"taxonomy":"category","embeddable":true,"href":"https:\/\/www.caririemacao.com\/1\/wp-json\/wp\/v2\/categories?post=148710"},{"taxonomy":"post_tag","embeddable":true,"href":"https:\/\/www.caririemacao.com\/1\/wp-json\/wp\/v2\/tags?post=148710"}],"curies":[{"name":"wp","href":"https:\/\/api.w.org\/{rel}","templated":true}]}}