{"id":148714,"date":"2020-01-24T08:35:00","date_gmt":"2020-01-24T11:35:00","guid":{"rendered":"http:\/\/www.caririemacao.com\/1\/?p=148714"},"modified":"2020-01-24T08:35:02","modified_gmt":"2020-01-24T11:35:02","slug":"moro-abre-conta-no-instagram-e-posta-video-com-calendario-para-provar-que-nao-e-fake","status":"publish","type":"post","link":"https:\/\/www.caririemacao.com\/1\/2020\/01\/24\/moro-abre-conta-no-instagram-e-posta-video-com-calendario-para-provar-que-nao-e-fake\/","title":{"rendered":"Moro abre conta no Instagram e posta v\u00eddeo com calend\u00e1rio para provar que n\u00e3o \u00e9 fake"},"content":{"rendered":"\n<p>O ministro da Justi\u00e7a e Seguran\u00e7a P\u00fablica Sergio Moro parece bastante empenhado em divulgar os trabalhos de sua pasta. Prova disso \u00e9 que nesta quinta-feira (23), inaugurou uma conta em outra rede social, o Instagram.<\/p>\n\n\n\n<p>O curioso, por\u00e9m, \u00e9 que o ministro recorreu a uma t\u00e1tica j\u00e1 conhecida para atestar a autenticidade de seu perfil. Assim como em abril de 2019, quando estreou no Twitter, Moro aparece, na publica\u00e7\u00e3o desta quarta-feira, segurando um calend\u00e1rio da Caixa Econ\u00f4mica Federal, aberto em janeiro, com uma c\u00edrculo feito a caneta no dia 23.<\/p>\n\n\n\n<p>O ministro tamb\u00e9m revela que sua estreia no Instagram foi um pedido de sua esposa, Ros\u00e2ngela Moro. \u201cA pedido de minha esposa, estou finalmente entrando no Instagram. \u00c9 uma forma de prestar contas \u00e0 sociedade. Isso no dia 23 de janeiro, provando que este perfil \u00e9 meu mesmo. Muito obrigado\u201d, diz Moro em um curto v\u00eddeo.<\/p>\n\n\n\n<p>Em pouco mais de 30 minutos, o perfil de Moro no Instagram ultrapassou a marca de 10.000 seguidores.&nbsp;<\/p>\n\n\n\n<p>Abaixo, confira as semelhan\u00e7as entre as publica\u00e7\u00f5es:<\/p>\n\n\n\n<figure><iframe data-src=\"https:\/\/www.instagram.com\/p\/B7rFvt-l4RW\/embed\/?cr=1&amp;v=12&amp;wp=540&amp;rd=https%3A%2F%2Fwww.clickpb.com.br&amp;rp=%2Fadmin%2Fportal%2Fportalarticle%2Fadd%2F#%7B%22ci%22%3A0%2C%22os%22%3A410684.1649999842%2C%22ls%22%3A410670.6000000122%2C%22le%22%3A410673.8550000009%7D\" allowfullscreen=\"true\" height=\"506\" src=\"data:image\/svg+xml;base64,PHN2ZyB3aWR0aD0iMSIgaGVpZ2h0PSIxIiB4bWxucz0iaHR0cDovL3d3dy53My5vcmcvMjAwMC9zdmciPjwvc3ZnPg==\" class=\"lazyload\" data-load-mode=\"1\"><\/iframe><\/figure>\n\n\n\n<p>Confira a publica\u00e7\u00e3o no Twitter abaixo:<\/p>\n\n\n\n<figure class=\"wp-block-image\"><img decoding=\"async\" src=\"https:\/\/www.clickpb.com.br\/media\/filer_public\/33\/66\/33668f43-cee5-4667-9204-8fe1b4b3e326\/blob\" alt=\"\"\/><\/figure>\n","protected":false},"excerpt":{"rendered":"<p>O ministro da Justi\u00e7a e Seguran\u00e7a P\u00fablica Sergio Moro parece bastante empenhado em divulgar os trabalhos de sua pasta. Prova disso \u00e9 que nesta quinta-feira&hellip; <\/p>\n","protected":false},"author":1,"featured_media":106330,"comment_status":"closed","ping_status":"closed","sticky":false,"template":"","format":"standard","meta":{"sfsi_plus_gutenberg_text_before_share":"","sfsi_plus_gutenberg_show_text_before_share":"","sfsi_plus_gutenberg_icon_type":"","sfsi_plus_gutenberg_icon_alignemt":"","sfsi_plus_gutenburg_max_per_row":"","footnotes":""},"categories":[11],"tags":[],"class_list":["post-148714","post","type-post","status-publish","format-standard","has-post-thumbnail","hentry","category-politica"],"_links":{"self":[{"href":"https:\/\/www.caririemacao.com\/1\/wp-json\/wp\/v2\/posts\/148714","targetHints":{"allow":["GET"]}}],"collection":[{"href":"https:\/\/www.caririemacao.com\/1\/wp-json\/wp\/v2\/posts"}],"about":[{"href":"https:\/\/www.caririemacao.com\/1\/wp-json\/wp\/v2\/types\/post"}],"author":[{"embeddable":true,"href":"https:\/\/www.caririemacao.com\/1\/wp-json\/wp\/v2\/users\/1"}],"replies":[{"embeddable":true,"href":"https:\/\/www.caririemacao.com\/1\/wp-json\/wp\/v2\/comments?post=148714"}],"version-history":[{"count":1,"href":"https:\/\/www.caririemacao.com\/1\/wp-json\/wp\/v2\/posts\/148714\/revisions"}],"predecessor-version":[{"id":148716,"href":"https:\/\/www.caririemacao.com\/1\/wp-json\/wp\/v2\/posts\/148714\/revisions\/148716"}],"wp:featuredmedia":[{"embeddable":true,"href":"https:\/\/www.caririemacao.com\/1\/wp-json\/wp\/v2\/media\/106330"}],"wp:attachment":[{"href":"https:\/\/www.caririemacao.com\/1\/wp-json\/wp\/v2\/media?parent=148714"}],"wp:term":[{"taxonomy":"category","embeddable":true,"href":"https:\/\/www.caririemacao.com\/1\/wp-json\/wp\/v2\/categories?post=148714"},{"taxonomy":"post_tag","embeddable":true,"href":"https:\/\/www.caririemacao.com\/1\/wp-json\/wp\/v2\/tags?post=148714"}],"curies":[{"name":"wp","href":"https:\/\/api.w.org\/{rel}","templated":true}]}}