{"id":148720,"date":"2020-01-24T08:36:28","date_gmt":"2020-01-24T11:36:28","guid":{"rendered":"http:\/\/www.caririemacao.com\/1\/?p=148720"},"modified":"2020-01-24T08:36:30","modified_gmt":"2020-01-24T11:36:30","slug":"brasil-e-o-segundo-em-numero-de-casos-de-hanseniase-no-mundo","status":"publish","type":"post","link":"https:\/\/www.caririemacao.com\/1\/2020\/01\/24\/brasil-e-o-segundo-em-numero-de-casos-de-hanseniase-no-mundo\/","title":{"rendered":"Brasil \u00e9 o segundo em n\u00famero de casos de hansen\u00edase no mundo"},"content":{"rendered":"\n<p>O Brasil ocupa o segundo lugar mundial em n\u00famero de casos de hansen\u00edase, perdendo apenas para a \u00cdndia. Pesquisa feita pela Organiza\u00e7\u00e3o Mundial da Sa\u00fade (OMS) revelou que em 2017, enquanto o Brasil teve 26.875 casos, a \u00cdndia teve 126.164. Na \u00faltima d\u00e9cada, foram registrados cerca de 30 mil casos novos por ano no Brasil.<br><\/p>\n\n\n\n<p>O pico da doen\u00e7a no territ\u00f3rio brasileiro foi observado em 2003, com 51.941 casos. Por isso, em 2016, o Minist\u00e9rio da Sa\u00fade oficializou o m\u00eas de janeiro e consolidou a cor roxa para campanhas educativas sobre a doen\u00e7a no pa\u00eds.<\/p>\n\n\n\n<p>A coordenadora da Campanha Nacional de Hansen\u00edase da Sociedade Brasileira de Dermatologia (SBD), Sandra Dur\u00e3es, disse hoje (23) \u00e0 Ag\u00eancia Brasil que a hansen\u00edase \u00e9 uma doen\u00e7a que acomete as popula\u00e7\u00f5es negligenciadas, com menor \u00cdndice de Desenvolvimento Humano (IDH) do planeta. Embora o Brasil esteja entre as maiores pot\u00eancias econ\u00f4micas, ainda apresenta grandes desigualdades e muitos bols\u00f5es de pobreza em \u00e1reas perif\u00e9ricas. \u201cIsso tamb\u00e9m se demonstra pela incid\u00eancia desigual no pa\u00eds\u201d. O maior n\u00famero de casos ocorre nas regi\u00f5es Norte, Centro-Oeste e Nordeste, enquanto o Sudeste e o Sul ocupam os quarto e quinto lugares, respectivamente.<\/p>\n\n\n\n<p>Sandra Dur\u00e3es explicou que a hansen\u00edase n\u00e3o afeta somente popula\u00e7\u00f5es vulner\u00e1veis. Pessoas de n\u00edveis econ\u00f4micos elevados tamb\u00e9m est\u00e3o sujeitos a ter a doen\u00e7a. \u201cMas a maioria ocorre em popula\u00e7\u00f5es de n\u00edvel socioecon\u00f4mico mais baixo\u201d.<\/p>\n","protected":false},"excerpt":{"rendered":"<p>O Brasil ocupa o segundo lugar mundial em n\u00famero de casos de hansen\u00edase, perdendo apenas para a \u00cdndia. Pesquisa feita pela Organiza\u00e7\u00e3o Mundial da Sa\u00fade&hellip; <\/p>\n","protected":false},"author":1,"featured_media":148725,"comment_status":"closed","ping_status":"closed","sticky":false,"template":"","format":"standard","meta":{"sfsi_plus_gutenberg_text_before_share":"","sfsi_plus_gutenberg_show_text_before_share":"","sfsi_plus_gutenberg_icon_type":"","sfsi_plus_gutenberg_icon_alignemt":"","sfsi_plus_gutenburg_max_per_row":"","footnotes":""},"categories":[2],"tags":[],"class_list":["post-148720","post","type-post","status-publish","format-standard","has-post-thumbnail","hentry","category-geral"],"_links":{"self":[{"href":"https:\/\/www.caririemacao.com\/1\/wp-json\/wp\/v2\/posts\/148720","targetHints":{"allow":["GET"]}}],"collection":[{"href":"https:\/\/www.caririemacao.com\/1\/wp-json\/wp\/v2\/posts"}],"about":[{"href":"https:\/\/www.caririemacao.com\/1\/wp-json\/wp\/v2\/types\/post"}],"author":[{"embeddable":true,"href":"https:\/\/www.caririemacao.com\/1\/wp-json\/wp\/v2\/users\/1"}],"replies":[{"embeddable":true,"href":"https:\/\/www.caririemacao.com\/1\/wp-json\/wp\/v2\/comments?post=148720"}],"version-history":[{"count":1,"href":"https:\/\/www.caririemacao.com\/1\/wp-json\/wp\/v2\/posts\/148720\/revisions"}],"predecessor-version":[{"id":148726,"href":"https:\/\/www.caririemacao.com\/1\/wp-json\/wp\/v2\/posts\/148720\/revisions\/148726"}],"wp:featuredmedia":[{"embeddable":true,"href":"https:\/\/www.caririemacao.com\/1\/wp-json\/wp\/v2\/media\/148725"}],"wp:attachment":[{"href":"https:\/\/www.caririemacao.com\/1\/wp-json\/wp\/v2\/media?parent=148720"}],"wp:term":[{"taxonomy":"category","embeddable":true,"href":"https:\/\/www.caririemacao.com\/1\/wp-json\/wp\/v2\/categories?post=148720"},{"taxonomy":"post_tag","embeddable":true,"href":"https:\/\/www.caririemacao.com\/1\/wp-json\/wp\/v2\/tags?post=148720"}],"curies":[{"name":"wp","href":"https:\/\/api.w.org\/{rel}","templated":true}]}}