{"id":148734,"date":"2020-01-24T08:38:01","date_gmt":"2020-01-24T11:38:01","guid":{"rendered":"http:\/\/www.caririemacao.com\/1\/?p=148734"},"modified":"2020-01-24T08:38:02","modified_gmt":"2020-01-24T11:38:02","slug":"governo-banca-despesas-de-regina-duarte-em-brasilia-e-se-recusa-a-informar-valores","status":"publish","type":"post","link":"https:\/\/www.caririemacao.com\/1\/2020\/01\/24\/governo-banca-despesas-de-regina-duarte-em-brasilia-e-se-recusa-a-informar-valores\/","title":{"rendered":"Governo banca despesas de Regina Duarte em Bras\u00edlia e se recusa a informar valores"},"content":{"rendered":"\n<p>Mesmo sem a garantia de que Regina Duarte aceitar\u00e1 ocupar a Secretaria da Cultura, o governo Jair Bolsonaro tem bancado as despesas da atriz e de assessores em Bras\u00edlia. Passagens e hospedagem foram pagos com dinheiro p\u00fablico.<\/p>\n\n\n\n<p>A atriz veio \u00e0 capital federal nesta quarta-feira (22) para conhecer o \u00f3rg\u00e3o. Ela ainda precisa tomar sua decis\u00e3o sobre comandar a \u00e1rea cultural do governo Bolsonaro.<\/p>\n\n\n\n<p>O nome de Regina \u00e9 aposta para substituir o dramaturgo Roberto Alvim. Ele foi demitido do \u00f3rg\u00e3o ap\u00f3s a publica\u00e7\u00e3o de um v\u00eddeo com discurso e est\u00e9tica nazistas, na semana passada.<\/p>\n\n\n\n<p>&#8220;O Minist\u00e9rio da Cidadania informa que custeou as despesas de deslocamento e estadia de Regina Duarte e de seus assessores&#8221;, informou a pasta, que, inicialmente, tinha a Secretaria da Cultura sob seu guarda-chuva.<\/p>\n\n\n\n<p>O minist\u00e9rio se recusou a informar quantos assessores est\u00e3o sendo patrocinados e qual o valor total das despesas.&nbsp;<\/p>\n\n\n\n<p>Regina tem ao menos dois acompanhantes em Bras\u00edlia. Um deles \u00e9 seu filho e s\u00f3cio, Andr\u00e9 Duarte Franco. Como mostrou a coluna M\u00f4nica Bergamo, ele \u00e9 o elo da atriz com a ala bolsonarista do governo.<\/p>\n\n\n\n<p>No hotel onde ela se hospedou desde quarta, uma di\u00e1ria varia de R$ 377,10 \u2013 o quarto mais simples \u2013 a R$ 2.239 \u2013 a su\u00edte master \u2013, segundo pesquisa no site do pr\u00f3prio hotel tendo como refer\u00eancia a data desta quinta-feira (23).&nbsp;<\/p>\n\n\n\n<p>A atriz segue para S\u00e3o Paulo, segundo a Secretaria de Cultura.<\/p>\n\n\n\n<p>&#8220;O Minist\u00e9rio informa ainda que o procedimento n\u00e3o fere normas legais e faz parte da pr\u00e1tica de gest\u00e3o dos \u00f3rg\u00e3os do Executivo&#8221;, disse a pasta da Cidadania em nota.<br>Regina chegou a Bras\u00edlia no in\u00edcio da tarde de quarta em um voo comercial. Foi recebida no aeroporto por funcion\u00e1rios do governo, que, em dois carros, a levaram at\u00e9 o Pal\u00e1cio do Planalto, onde almo\u00e7ou com Bolsonaro.<\/p>\n\n\n\n<p>Em seguida, ela passou a o restante da quarta em reuni\u00e3o na pasta que cogita assumir.<\/p>\n\n\n\n<p>O mesmo aconteceu nesta quinta. Ela deixou a Secretaria de Cultura sem falar com a imprensa.<\/p>\n\n\n\n<p>&#8220;De acordo com a assessoria particular de Regina, ela vai refletir sobre tudo que viu e aprendeu. A previs\u00e3o para que ela d\u00ea uma resposta \u00e9 ap\u00f3s o retorno do presidente&#8221;, informou a secretaria, referindo-se \u00e0 aus\u00eancia de Bolsonaro, que viajou nesta manh\u00e3 para a \u00cdndia e s\u00f3 volta na pr\u00f3xima semana.<\/p>\n\n\n\n<p>Integrantes da pasta disseram \u00e0 Folha que ela se reuniu com o ministro do Turismo, Marcelo \u00c1lvaro Ant\u00f4nio, a quem a Secretaria de Cultura hoje est\u00e1 subordinada.<br>Secret\u00e1rios do minist\u00e9rio apresentaram-se e falaram de suas \u00e1reas de atua\u00e7\u00e3o.&nbsp;<\/p>\n\n\n\n<p>A atriz agradeceu, deu declara\u00e7\u00f5es gen\u00e9ricas no sentido de valorizar a cultura no Brasil e ficou de fazer novas reuni\u00f5es ap\u00f3s a nomea\u00e7\u00e3o, caso, de fato, aceite.<\/p>\n\n\n\n<p>Ao fim da reuni\u00e3o, ela convidou a reverenda Jane Silva, atual secret\u00e1ria de Diversidade Cultural da pasta, para o cargo de secret\u00e1ria-adjunta na Cultura. A decis\u00e3o tamb\u00e9m foi revelada pela coluna M\u00f4nica Bergamo.<\/p>\n\n\n\n<p>Jane \u00e9 atualmente secret\u00e1ria da Diversidade Cultural. Segundo o governo, ela ocupar\u00e1 temporariamente o cargo de secret\u00e1ria-adjunta at\u00e9 que haja uma defini\u00e7\u00e3o sobre a nomea\u00e7\u00e3o de Regina.<\/p>\n","protected":false},"excerpt":{"rendered":"<p>Mesmo sem a garantia de que Regina Duarte aceitar\u00e1 ocupar a Secretaria da Cultura, o governo Jair Bolsonaro tem bancado as despesas da atriz e&hellip; <\/p>\n","protected":false},"author":1,"featured_media":148740,"comment_status":"closed","ping_status":"closed","sticky":false,"template":"","format":"standard","meta":{"sfsi_plus_gutenberg_text_before_share":"","sfsi_plus_gutenberg_show_text_before_share":"","sfsi_plus_gutenberg_icon_type":"","sfsi_plus_gutenberg_icon_alignemt":"","sfsi_plus_gutenburg_max_per_row":"","footnotes":""},"categories":[11],"tags":[],"class_list":["post-148734","post","type-post","status-publish","format-standard","has-post-thumbnail","hentry","category-politica"],"_links":{"self":[{"href":"https:\/\/www.caririemacao.com\/1\/wp-json\/wp\/v2\/posts\/148734","targetHints":{"allow":["GET"]}}],"collection":[{"href":"https:\/\/www.caririemacao.com\/1\/wp-json\/wp\/v2\/posts"}],"about":[{"href":"https:\/\/www.caririemacao.com\/1\/wp-json\/wp\/v2\/types\/post"}],"author":[{"embeddable":true,"href":"https:\/\/www.caririemacao.com\/1\/wp-json\/wp\/v2\/users\/1"}],"replies":[{"embeddable":true,"href":"https:\/\/www.caririemacao.com\/1\/wp-json\/wp\/v2\/comments?post=148734"}],"version-history":[{"count":1,"href":"https:\/\/www.caririemacao.com\/1\/wp-json\/wp\/v2\/posts\/148734\/revisions"}],"predecessor-version":[{"id":148741,"href":"https:\/\/www.caririemacao.com\/1\/wp-json\/wp\/v2\/posts\/148734\/revisions\/148741"}],"wp:featuredmedia":[{"embeddable":true,"href":"https:\/\/www.caririemacao.com\/1\/wp-json\/wp\/v2\/media\/148740"}],"wp:attachment":[{"href":"https:\/\/www.caririemacao.com\/1\/wp-json\/wp\/v2\/media?parent=148734"}],"wp:term":[{"taxonomy":"category","embeddable":true,"href":"https:\/\/www.caririemacao.com\/1\/wp-json\/wp\/v2\/categories?post=148734"},{"taxonomy":"post_tag","embeddable":true,"href":"https:\/\/www.caririemacao.com\/1\/wp-json\/wp\/v2\/tags?post=148734"}],"curies":[{"name":"wp","href":"https:\/\/api.w.org\/{rel}","templated":true}]}}