{"id":148749,"date":"2020-01-24T08:42:51","date_gmt":"2020-01-24T11:42:51","guid":{"rendered":"http:\/\/www.caririemacao.com\/1\/?p=148749"},"modified":"2020-01-24T08:42:52","modified_gmt":"2020-01-24T11:42:52","slug":"levantamento-mostra-onde-mais-choveu-na-paraiba","status":"publish","type":"post","link":"https:\/\/www.caririemacao.com\/1\/2020\/01\/24\/levantamento-mostra-onde-mais-choveu-na-paraiba\/","title":{"rendered":"Levantamento mostra onde mais choveu na Para\u00edba"},"content":{"rendered":"\n<p>De acordo com informa\u00e7\u00f5es da TV Para\u00edba, em parceria com a Aesa (Ag\u00eancia Executiva de Gest\u00e3o das \u00c1guas), os munic\u00edpios que apresentaram os maiores volumes de chuva durante esta semana no Estado foram:<\/p>\n\n\n\n<p>1. Lagoa Seca \u2013 82,5 mil\u00edmetros (mm)<br>2. Esperan\u00e7a \u2013 61,2 mm<br>3. Bom Sucesso \u2013 53 mm<br>4. Campina Grande \u2013 41,1 mm<\/p>\n\n\n\n<p>No munic\u00edpio de Campina Grande,&nbsp;<a href=\"https:\/\/paraibaonline.com.br\/2020\/01\/chuvas-o-milagre-da-natureza-desabando-sobre-campina-grande\/\">um forte temporal atingiu a cidade nesta ter\u00e7a-feira (21)<\/a>, o que provocou alagamento de ruas e queda de \u00e1rvores, bem como inunda\u00e7\u00e3o de resid\u00eancias e de estabelecimentos comerciais.<\/p>\n","protected":false},"excerpt":{"rendered":"<p>De acordo com informa\u00e7\u00f5es da TV Para\u00edba, em parceria com a Aesa (Ag\u00eancia Executiva de Gest\u00e3o das \u00c1guas), os munic\u00edpios que apresentaram os maiores volumes&hellip; <\/p>\n","protected":false},"author":1,"featured_media":145829,"comment_status":"closed","ping_status":"closed","sticky":false,"template":"","format":"standard","meta":{"sfsi_plus_gutenberg_text_before_share":"","sfsi_plus_gutenberg_show_text_before_share":"","sfsi_plus_gutenberg_icon_type":"","sfsi_plus_gutenberg_icon_alignemt":"","sfsi_plus_gutenburg_max_per_row":"","footnotes":""},"categories":[6],"tags":[],"class_list":["post-148749","post","type-post","status-publish","format-standard","has-post-thumbnail","hentry","category-cidades"],"_links":{"self":[{"href":"https:\/\/www.caririemacao.com\/1\/wp-json\/wp\/v2\/posts\/148749","targetHints":{"allow":["GET"]}}],"collection":[{"href":"https:\/\/www.caririemacao.com\/1\/wp-json\/wp\/v2\/posts"}],"about":[{"href":"https:\/\/www.caririemacao.com\/1\/wp-json\/wp\/v2\/types\/post"}],"author":[{"embeddable":true,"href":"https:\/\/www.caririemacao.com\/1\/wp-json\/wp\/v2\/users\/1"}],"replies":[{"embeddable":true,"href":"https:\/\/www.caririemacao.com\/1\/wp-json\/wp\/v2\/comments?post=148749"}],"version-history":[{"count":1,"href":"https:\/\/www.caririemacao.com\/1\/wp-json\/wp\/v2\/posts\/148749\/revisions"}],"predecessor-version":[{"id":148752,"href":"https:\/\/www.caririemacao.com\/1\/wp-json\/wp\/v2\/posts\/148749\/revisions\/148752"}],"wp:featuredmedia":[{"embeddable":true,"href":"https:\/\/www.caririemacao.com\/1\/wp-json\/wp\/v2\/media\/145829"}],"wp:attachment":[{"href":"https:\/\/www.caririemacao.com\/1\/wp-json\/wp\/v2\/media?parent=148749"}],"wp:term":[{"taxonomy":"category","embeddable":true,"href":"https:\/\/www.caririemacao.com\/1\/wp-json\/wp\/v2\/categories?post=148749"},{"taxonomy":"post_tag","embeddable":true,"href":"https:\/\/www.caririemacao.com\/1\/wp-json\/wp\/v2\/tags?post=148749"}],"curies":[{"name":"wp","href":"https:\/\/api.w.org\/{rel}","templated":true}]}}