{"id":148777,"date":"2020-01-24T08:46:15","date_gmt":"2020-01-24T11:46:15","guid":{"rendered":"http:\/\/www.caririemacao.com\/1\/?p=148777"},"modified":"2020-01-24T08:46:17","modified_gmt":"2020-01-24T11:46:17","slug":"governo-baixa-decreto-militares-podem-ser-contratados-para-atuar-no-servico-publico","status":"publish","type":"post","link":"https:\/\/www.caririemacao.com\/1\/2020\/01\/24\/governo-baixa-decreto-militares-podem-ser-contratados-para-atuar-no-servico-publico\/","title":{"rendered":"Governo baixa decreto: militares podem ser contratados para atuar no servi\u00e7o p\u00fablico"},"content":{"rendered":"\n<p>O decreto que regulamenta a contrata\u00e7\u00e3o de militares inativos para atividades em \u00f3rg\u00e3os p\u00fablicos foi publicado em edi\u00e7\u00e3o extra do Di\u00e1rio Oficial da Uni\u00e3o na noite desta quinta-feira (23).<\/p>\n\n\n\n<p>De acordo com o Pal\u00e1cio do Planalto, os militares poder\u00e3o ser contratados, por meio de um edital espec\u00edfico de chamamento p\u00fablico, para trabalhar em \u00f3rg\u00e3o ou entidade federal ganhando adicional com valor igual a 30% sobre o sal\u00e1rio recebido na inatividade.<\/p>\n\n\n\n<p>Pelo texto do decreto, assinado pelo presidente em exerc\u00edcio Hamilton Mour\u00e3o, a contrata\u00e7\u00e3o depender\u00e1 de autoriza\u00e7\u00e3o pr\u00e9via tanto do Minist\u00e9rio da Defesa quanto do Minist\u00e9rio da Economia.<\/p>\n\n\n\n<p>A pasta da Defesa vai examinar se a contrata\u00e7\u00e3o n\u00e3o compromete eventual necessidade de mobiliza\u00e7\u00e3o de pessoal, al\u00e9m de estabelecer o quantitativo m\u00e1ximo de militares inativos pass\u00edveis de contrata\u00e7\u00e3o, por posto ou gradua\u00e7\u00e3o, observada a compatibilidade com as atividades indicadas pelo \u00f3rg\u00e3o ou pela entidade requerente.<\/p>\n\n\n\n<p>J\u00e1 a equipe econ\u00f4mica vai examinar se h\u00e1 recursos para o pagamento do adicional e se h\u00e1 necessidade real de contrata\u00e7\u00e3o.<\/p>\n\n\n\n<p>\u201cComo j\u00e1 de conhecimento p\u00fablico, existe a inten\u00e7\u00e3o de aplicar o ato para resolver problema do INSS [Instituto Nacional de Seguridade Social]. Contudo, tecnicamente, o decreto n\u00e3o se restringe ao INSS e poder\u00e1 ser utilizado em dezenas de outras situa\u00e7\u00f5es. A hip\u00f3tese do INSS \u00e9 apenas destacada por ser a com maior escala\u201d, informou o Planalto, em nota enviada \u00e0 imprensa.<\/p>\n\n\n\n<p>Ainda segundo o governo, a contrata\u00e7\u00e3o n\u00e3o ser\u00e1 autom\u00e1tica.<\/p>\n\n\n\n<p>\u201cAinda se precisar\u00e1 analisar o pleito de cada \u00f3rg\u00e3o ou entidade interessado na nova forma de aloca\u00e7\u00e3o de m\u00e3o de obra, fazer o edital de chamamento p\u00fablico para cada hip\u00f3tese e verificar a disponibilidade or\u00e7ament\u00e1ria e financeira em cada caso\u201d, acrescenta a nota.<\/p>\n\n\n\n<p><strong>Militares da reserva<\/strong><\/p>\n\n\n\n<p>Na semana passada, o governo anunciou que pretende contratar temporariamente cerca de 7 mil militares da reserva para atuar nos postos da Previd\u00eancia, pagando o adicional de 30%.<\/p>\n\n\n\n<p>Esse percentual est\u00e1 definido na lei que trata da estrutura da carreira militar, aprovada em 2019 pelo Congresso Nacional.<\/p>\n\n\n\n<p>A medida foi a forma encontrada pelo governo para reduzir o estoque de pedidos de benef\u00edcios em atraso no INSS. A expectativa \u00e9 que o ac\u00famulo de processos caia para pr\u00f3ximo de zero at\u00e9 o fim de setembro.<\/p>\n\n\n\n<p>Atualmente, o n\u00famero de pedidos de benef\u00edcios previdenci\u00e1rios com mais de 45 dias de atraso est\u00e1 em cerca 1,3 milh\u00e3o.<\/p>\n\n\n\n<p>A contrata\u00e7\u00e3o direta dos militares pelo INSS chegou a ser questionada pelo Tribunal de Contas da Uni\u00e3o (TCU), que considerou que o governo poderia estar rompendo o princ\u00edpio da impessoalidade, ao direcionar a contrata\u00e7\u00e3o exclusivamente para o grupo militar.<\/p>\n\n\n\n<p>Nesta quinta pela manh\u00e3, antes de embarcar para \u00cdndia, o presidente Jair Bolsonaro disse que o governo estava aguardando apenas um ajuste no entendimento com o TCU para poder publicar o decreto e iniciar o processo de contrata\u00e7\u00e3o tempor\u00e1ria dos militares.<\/p>\n\n\n\n<p>Para o presidente, a medida est\u00e1 prevista na legisla\u00e7\u00e3o e exige menos burocracia que a contrata\u00e7\u00e3o de civis.<\/p>\n\n\n\n<p>\u201cN\u00e3o \u00e9 privilegiar militar, at\u00e9 porque n\u00e3o \u00e9 convoca\u00e7\u00e3o, \u00e9 um convite, \u00e9 a facilidade que n\u00f3s temos desse tipo de m\u00e3o de obra\u201d, disse.<\/p>\n\n\n\n<p><strong>Custo<\/strong><\/p>\n\n\n\n<p>De acordo com o Minist\u00e9rio da Economia, caso haja o pagamento do adicional de reserva remunerada para os militares, no caso do INSS, a medida custar\u00e1 R$ 14,5 milh\u00f5es por m\u00eas ao governo, mas o custo deve ser compensado pela diminui\u00e7\u00e3o da corre\u00e7\u00e3o monet\u00e1ria paga nos benef\u00edcios concedidos al\u00e9m do prazo m\u00e1ximo de 45 dias depois do pedido.<\/p>\n\n\n\n<p>A proposta inicial do governo \u00e9 que os militares sejam treinados em fevereiro e mar\u00e7o, devendo come\u00e7ar a trabalhar nos postos em abril.<\/p>\n\n\n\n<p>O decreto que regulamenta a contrata\u00e7\u00e3o dos militares inativos ainda define que, para o \u00f3rg\u00e3o contratante, o prazo m\u00e1ximo de contrato \u00e9 de at\u00e9 quatro anos, vedada a prorroga\u00e7\u00e3o.<\/p>\n\n\n\n<p>Para o militar inativo, esse prazo m\u00e1ximo \u00e9 de at\u00e9 oito anos, consecutivos ou n\u00e3o, ainda que em diferentes \u00f3rg\u00e3os ou entidades.<\/p>\n","protected":false},"excerpt":{"rendered":"<p>O decreto que regulamenta a contrata\u00e7\u00e3o de militares inativos para atividades em \u00f3rg\u00e3os p\u00fablicos foi publicado em edi\u00e7\u00e3o extra do Di\u00e1rio Oficial da Uni\u00e3o na&hellip; <\/p>\n","protected":false},"author":1,"featured_media":5422,"comment_status":"closed","ping_status":"closed","sticky":false,"template":"","format":"standard","meta":{"sfsi_plus_gutenberg_text_before_share":"","sfsi_plus_gutenberg_show_text_before_share":"","sfsi_plus_gutenberg_icon_type":"","sfsi_plus_gutenberg_icon_alignemt":"","sfsi_plus_gutenburg_max_per_row":"","footnotes":""},"categories":[11],"tags":[],"class_list":["post-148777","post","type-post","status-publish","format-standard","has-post-thumbnail","hentry","category-politica"],"_links":{"self":[{"href":"https:\/\/www.caririemacao.com\/1\/wp-json\/wp\/v2\/posts\/148777","targetHints":{"allow":["GET"]}}],"collection":[{"href":"https:\/\/www.caririemacao.com\/1\/wp-json\/wp\/v2\/posts"}],"about":[{"href":"https:\/\/www.caririemacao.com\/1\/wp-json\/wp\/v2\/types\/post"}],"author":[{"embeddable":true,"href":"https:\/\/www.caririemacao.com\/1\/wp-json\/wp\/v2\/users\/1"}],"replies":[{"embeddable":true,"href":"https:\/\/www.caririemacao.com\/1\/wp-json\/wp\/v2\/comments?post=148777"}],"version-history":[{"count":1,"href":"https:\/\/www.caririemacao.com\/1\/wp-json\/wp\/v2\/posts\/148777\/revisions"}],"predecessor-version":[{"id":148781,"href":"https:\/\/www.caririemacao.com\/1\/wp-json\/wp\/v2\/posts\/148777\/revisions\/148781"}],"wp:featuredmedia":[{"embeddable":true,"href":"https:\/\/www.caririemacao.com\/1\/wp-json\/wp\/v2\/media\/5422"}],"wp:attachment":[{"href":"https:\/\/www.caririemacao.com\/1\/wp-json\/wp\/v2\/media?parent=148777"}],"wp:term":[{"taxonomy":"category","embeddable":true,"href":"https:\/\/www.caririemacao.com\/1\/wp-json\/wp\/v2\/categories?post=148777"},{"taxonomy":"post_tag","embeddable":true,"href":"https:\/\/www.caririemacao.com\/1\/wp-json\/wp\/v2\/tags?post=148777"}],"curies":[{"name":"wp","href":"https:\/\/api.w.org\/{rel}","templated":true}]}}