{"id":148794,"date":"2020-01-24T08:52:15","date_gmt":"2020-01-24T11:52:15","guid":{"rendered":"http:\/\/www.caririemacao.com\/1\/?p=148794"},"modified":"2020-01-24T08:52:17","modified_gmt":"2020-01-24T11:52:17","slug":"ex-vereador-de-sao-joao-do-cariri-morre-vitima-de-infarto","status":"publish","type":"post","link":"https:\/\/www.caririemacao.com\/1\/2020\/01\/24\/ex-vereador-de-sao-joao-do-cariri-morre-vitima-de-infarto\/","title":{"rendered":"Ex-vereador de S\u00e3o Jo\u00e3o do Cariri morre v\u00edtima de infarto"},"content":{"rendered":"\n<p>A popula\u00e7\u00e3o de S\u00e3o Jo\u00e3o do Cariri foi surpreendida com mais uma triste not\u00edcia na noite desta quinta-feira (23).<\/p>\n\n\n\n<p>Ap\u00f3s a trag\u00e9dia ocorrida nesta madrugada que terminou com a morte de Mauro Guimar\u00e3es e a tentativa de homic\u00eddio de Naldinho, foi registrada h\u00e1 poucos instantes a morte do ex-vereador e professor, Ednaldo Cunha, filho de Z\u00e9 Martinho.<\/p>\n\n\n\n<p>Ednaldo teve um princ\u00edpio de infarto e foi levado \u00e0s pressas para o Hospital Geral de Serra Branca. A equipe m\u00e9dica do hospital tentou reanim\u00e1-lo, mas n\u00e3o obteve \u00eaxito, vindo a \u00f3bito.<\/p>\n\n\n\n<p>Ednaldo Cunha de Oliveira tinha 65 anos de idade e foi vereador nos anos de 2000 a 2004. O s\u00e3ojoense tinha uma vida dedicada a educa\u00e7\u00e3o, por muito tempo tendo sido professor da rede estadual e municipal. Ednaldo foi ainda professor em Boa Vista e chegou a dirigir a Escola Jornalista Jos\u00e9 Leal Ramos.<\/p>\n\n\n\n<p>Ednaldo sofreu ainda a perda de sua esposa h\u00e1 um m\u00eas e deixa agora tr\u00eas filhos.<\/p>\n\n\n\n<p><strong>De Olho no Cariri<\/strong><\/p>\n","protected":false},"excerpt":{"rendered":"<p>A popula\u00e7\u00e3o de S\u00e3o Jo\u00e3o do Cariri foi surpreendida com mais uma triste not\u00edcia na noite desta quinta-feira (23). Ap\u00f3s a trag\u00e9dia ocorrida nesta madrugada&hellip; <\/p>\n","protected":false},"author":1,"featured_media":148795,"comment_status":"closed","ping_status":"closed","sticky":false,"template":"","format":"standard","meta":{"sfsi_plus_gutenberg_text_before_share":"","sfsi_plus_gutenberg_show_text_before_share":"","sfsi_plus_gutenberg_icon_type":"","sfsi_plus_gutenberg_icon_alignemt":"","sfsi_plus_gutenburg_max_per_row":"","footnotes":""},"categories":[6],"tags":[],"class_list":["post-148794","post","type-post","status-publish","format-standard","has-post-thumbnail","hentry","category-cidades"],"_links":{"self":[{"href":"https:\/\/www.caririemacao.com\/1\/wp-json\/wp\/v2\/posts\/148794","targetHints":{"allow":["GET"]}}],"collection":[{"href":"https:\/\/www.caririemacao.com\/1\/wp-json\/wp\/v2\/posts"}],"about":[{"href":"https:\/\/www.caririemacao.com\/1\/wp-json\/wp\/v2\/types\/post"}],"author":[{"embeddable":true,"href":"https:\/\/www.caririemacao.com\/1\/wp-json\/wp\/v2\/users\/1"}],"replies":[{"embeddable":true,"href":"https:\/\/www.caririemacao.com\/1\/wp-json\/wp\/v2\/comments?post=148794"}],"version-history":[{"count":1,"href":"https:\/\/www.caririemacao.com\/1\/wp-json\/wp\/v2\/posts\/148794\/revisions"}],"predecessor-version":[{"id":148796,"href":"https:\/\/www.caririemacao.com\/1\/wp-json\/wp\/v2\/posts\/148794\/revisions\/148796"}],"wp:featuredmedia":[{"embeddable":true,"href":"https:\/\/www.caririemacao.com\/1\/wp-json\/wp\/v2\/media\/148795"}],"wp:attachment":[{"href":"https:\/\/www.caririemacao.com\/1\/wp-json\/wp\/v2\/media?parent=148794"}],"wp:term":[{"taxonomy":"category","embeddable":true,"href":"https:\/\/www.caririemacao.com\/1\/wp-json\/wp\/v2\/categories?post=148794"},{"taxonomy":"post_tag","embeddable":true,"href":"https:\/\/www.caririemacao.com\/1\/wp-json\/wp\/v2\/tags?post=148794"}],"curies":[{"name":"wp","href":"https:\/\/api.w.org\/{rel}","templated":true}]}}