{"id":148804,"date":"2020-01-24T08:59:23","date_gmt":"2020-01-24T11:59:23","guid":{"rendered":"http:\/\/www.caririemacao.com\/1\/?p=148804"},"modified":"2020-01-24T08:59:25","modified_gmt":"2020-01-24T11:59:25","slug":"bandidos-armados-assaltam-a-loja-do-armazem-paraiba-em-soledade","status":"publish","type":"post","link":"https:\/\/www.caririemacao.com\/1\/2020\/01\/24\/bandidos-armados-assaltam-a-loja-do-armazem-paraiba-em-soledade\/","title":{"rendered":"Bandidos armados assaltam a loja do \u2018Armaz\u00e9m Para\u00edba\u2019 em Soledade"},"content":{"rendered":"\n<p>Bandidos armados assaltaram por volta das 12h35 desta quinta-feira (23) uma loja do Armaz\u00e9m Para\u00edba, que fica localizada no centro da cidade de Soledade, interior da Para\u00edba.<\/p>\n\n\n\n<p>Pelos registros das c\u00e2meras de seguran\u00e7as do estabelecimento, \u00e9 poss\u00edvel identificar dois homens armados rendendo os funcion\u00e1rios da loja.<\/p>\n\n\n\n<p>Enquanto um vai ao caixa pegar dinheiro, o outro fica no interior da loja fazendo o rapa e roubando diversos aparelhos eletr\u00f4nicos.<\/p>\n\n\n\n<p>Em seguida, a dupla saiu correndo do estabelecimento e, na fuga, roubaram um ve\u00edculo de um popular, que foi abandonado mais adiante.<\/p>\n\n\n\n<p>A a\u00e7\u00e3o foi muito r\u00e1pida e havia clientes realizando compras, inclusive uma mulher gr\u00e1vida, que foi obrigada a acompanhar os funcion\u00e1rios sob a mira de uma arma de fogo.<\/p>\n\n\n\n<p>No momento que um dos bandidos chega ao caixa com um rev\u00f3lver, a funcion\u00e1ria atendia uma cliente. De arma em punho, o criminoso rendeu a funcion\u00e1ria enquanto fazia a limpa no caixa e a cliente, assustada, fugiu.<\/p>\n\n\n\n<p>Na fuga, os meliantes renderam o jovem Gustavo Luis, secret\u00e1rio da Prefeitura de Soledade e filho do comerciante, Lula da Madeireira, e o levaram em seu pr\u00f3prio ve\u00edculo como ref\u00e9m.<\/p>\n\n\n\n<p>Mais adiante, eles liberaram Gustavo, mas roubaram dele R$ 500 e o celular. Porem uns tr\u00eas quil\u00f4metros para frente, abandonaram o carro do jovem e o aparelho celular.<\/p>\n\n\n\n<p><em>Com Heleno Lima<\/em><\/p>\n","protected":false},"excerpt":{"rendered":"<p>Bandidos armados assaltaram por volta das 12h35 desta quinta-feira (23) uma loja do Armaz\u00e9m Para\u00edba, que fica localizada no centro da cidade de Soledade, interior&hellip; <\/p>\n","protected":false},"author":1,"featured_media":148806,"comment_status":"closed","ping_status":"closed","sticky":false,"template":"","format":"standard","meta":{"sfsi_plus_gutenberg_text_before_share":"","sfsi_plus_gutenberg_show_text_before_share":"","sfsi_plus_gutenberg_icon_type":"","sfsi_plus_gutenberg_icon_alignemt":"","sfsi_plus_gutenburg_max_per_row":"","footnotes":""},"categories":[12],"tags":[],"class_list":["post-148804","post","type-post","status-publish","format-standard","has-post-thumbnail","hentry","category-policia"],"_links":{"self":[{"href":"https:\/\/www.caririemacao.com\/1\/wp-json\/wp\/v2\/posts\/148804","targetHints":{"allow":["GET"]}}],"collection":[{"href":"https:\/\/www.caririemacao.com\/1\/wp-json\/wp\/v2\/posts"}],"about":[{"href":"https:\/\/www.caririemacao.com\/1\/wp-json\/wp\/v2\/types\/post"}],"author":[{"embeddable":true,"href":"https:\/\/www.caririemacao.com\/1\/wp-json\/wp\/v2\/users\/1"}],"replies":[{"embeddable":true,"href":"https:\/\/www.caririemacao.com\/1\/wp-json\/wp\/v2\/comments?post=148804"}],"version-history":[{"count":1,"href":"https:\/\/www.caririemacao.com\/1\/wp-json\/wp\/v2\/posts\/148804\/revisions"}],"predecessor-version":[{"id":148807,"href":"https:\/\/www.caririemacao.com\/1\/wp-json\/wp\/v2\/posts\/148804\/revisions\/148807"}],"wp:featuredmedia":[{"embeddable":true,"href":"https:\/\/www.caririemacao.com\/1\/wp-json\/wp\/v2\/media\/148806"}],"wp:attachment":[{"href":"https:\/\/www.caririemacao.com\/1\/wp-json\/wp\/v2\/media?parent=148804"}],"wp:term":[{"taxonomy":"category","embeddable":true,"href":"https:\/\/www.caririemacao.com\/1\/wp-json\/wp\/v2\/categories?post=148804"},{"taxonomy":"post_tag","embeddable":true,"href":"https:\/\/www.caririemacao.com\/1\/wp-json\/wp\/v2\/tags?post=148804"}],"curies":[{"name":"wp","href":"https:\/\/api.w.org\/{rel}","templated":true}]}}