{"id":148810,"date":"2020-01-24T09:00:29","date_gmt":"2020-01-24T12:00:29","guid":{"rendered":"http:\/\/www.caririemacao.com\/1\/?p=148810"},"modified":"2020-01-24T09:00:31","modified_gmt":"2020-01-24T12:00:31","slug":"servidores-da-dataprev-comecam-greve-na-paraiba","status":"publish","type":"post","link":"https:\/\/www.caririemacao.com\/1\/2020\/01\/24\/servidores-da-dataprev-comecam-greve-na-paraiba\/","title":{"rendered":"Servidores da Dataprev come\u00e7am greve na Para\u00edba"},"content":{"rendered":"\n<div class=\"wp-block-image\"><figure class=\"aligncenter\"><img decoding=\"async\" data-src=\"http:\/\/deolhonocariri.com.br\/wp-content\/uploads\/2020\/01\/sede_novoportal_cortada_0.jpg\" alt=\"\" class=\"wp-image-76831 lazyload\" src=\"data:image\/svg+xml;base64,PHN2ZyB3aWR0aD0iMSIgaGVpZ2h0PSIxIiB4bWxucz0iaHR0cDovL3d3dy53My5vcmcvMjAwMC9zdmciPjwvc3ZnPg==\" \/><\/figure><\/div>\n\n\n\n<p>Funcion\u00e1rios da Empresa de Tecnologia e Informa\u00e7\u00f5es da Previd\u00eancia (Dataprev) na Para\u00edba ficam em greve por tempo indeterminado a partir desta quinta-feira (23). De acordo com o presidente do Sindicato dos Empregados em Empresas de Processamentos de Dados da Para\u00edba (Sindpd-PB), Ademir Diniz, a mobiliza\u00e7\u00e3o acontece em resposta \u00e0s inten\u00e7\u00f5es do governo federal em privatizar o servi\u00e7o e em solidariedade a colegas demitidos em outros estados do pa\u00eds.<\/p>\n\n\n\n<p>Nesta quinta, para marcar o in\u00edcio da paralisa\u00e7\u00e3o, est\u00e1 prevista uma manifesta\u00e7\u00e3o dos grevistas a partir das 8h em frente \u00e0 sede da Dataprev em Jo\u00e3o Pessoa, localizada na Avenida Presidente Get\u00falio Vargas, no Centro da cidade.<\/p>\n\n\n\n<p>No in\u00edcio do m\u00eas, foi anunciado&nbsp;o fechamento de 20 unidades regionais, gerando a demiss\u00e3o de 493 funcion\u00e1rios. Com a decis\u00e3o do governo, o servi\u00e7o ficou restrito a sete filiais consideradas estrat\u00e9gicas: Para\u00edba, Cear\u00e1, Rio Grande do Norte, S\u00e3o Paulo, Santa Catarina e Distrito Federal.<\/p>\n\n\n\n<p>\u201cA Para\u00edba ainda n\u00e3o foi afetada pelas demiss\u00f5es, mas ser\u00e1 em breve porque o governo planeja um desmonte da Dataprev. A ideia da privatiza\u00e7\u00e3o \u00e9 absurda. N\u00e3o faz sentido fechar uma empresa que fornece tecnologia de ponta e d\u00e1 lucro. O governo fala em \u2018enxugar a m\u00e1quina\u2019, mas isso n\u00e3o \u00e9 justific\u00e1vel porque n\u00e3o existe d\u00e9ficit na Dataprev\u201d, diz o presidente do Sindpd-PB, Ademir Diniz.<\/p>\n\n\n\n<h2 class=\"wp-block-heading\"><strong>Dataprev<\/strong><\/h2>\n\n\n\n<p>A Dataprev \u00e9 vinculada ao Minist\u00e9rio da Economia e respons\u00e1vel pelo processamento do pagamento mensal de cerca de 35 milh\u00f5es de benef\u00edcios previdenci\u00e1rios e pela aplica\u00e7\u00e3o on-line que faz a libera\u00e7\u00e3o de seguro-desemprego. A empresa p\u00fablica tamb\u00e9m processa as informa\u00e7\u00f5es previdenci\u00e1rias da Receita Federal e responde pelas funcionalidades dos programas que rodam nas esta\u00e7\u00f5es de trabalho da maior rede de atendimento p\u00fablico do pa\u00eds, somadas as ag\u00eancias da Previd\u00eancia Social aos postos do Sistema Nacional do Emprego (Sine).<\/p>\n\n\n\n<p>Segundo Ademir Diniz, n\u00e3o \u00e9 poss\u00edvel prever se haver\u00e1 atraso em pagamentos por conta da greve. Durante a mobiliza\u00e7\u00e3o, 30% dos funcion\u00e1rios continuar\u00e3o em atividade, conforme determina a&nbsp;lei de Direito de Greve.<\/p>\n\n\n\n<p>\u201cA nossa federa\u00e7\u00e3o j\u00e1 tentou di\u00e1logo com o Governo Federal, mas n\u00e3o houve retorno. Por isso a greve n\u00e3o tem tempo determinado. Esperamos que voltem atr\u00e1s dessa decis\u00e3o de privatizar a empresa\u201d, finaliza o presidente do Sindpd-PB.<\/p>\n\n\n\n<p><em>Portal Correio<\/em><\/p>\n","protected":false},"excerpt":{"rendered":"<p>Funcion\u00e1rios da Empresa de Tecnologia e Informa\u00e7\u00f5es da Previd\u00eancia (Dataprev) na Para\u00edba ficam em greve por tempo indeterminado a partir desta quinta-feira (23). De acordo&hellip; <\/p>\n","protected":false},"author":1,"featured_media":148813,"comment_status":"closed","ping_status":"closed","sticky":false,"template":"","format":"standard","meta":{"sfsi_plus_gutenberg_text_before_share":"","sfsi_plus_gutenberg_show_text_before_share":"","sfsi_plus_gutenberg_icon_type":"","sfsi_plus_gutenberg_icon_alignemt":"","sfsi_plus_gutenburg_max_per_row":"","footnotes":""},"categories":[2],"tags":[],"class_list":["post-148810","post","type-post","status-publish","format-standard","has-post-thumbnail","hentry","category-geral"],"_links":{"self":[{"href":"https:\/\/www.caririemacao.com\/1\/wp-json\/wp\/v2\/posts\/148810","targetHints":{"allow":["GET"]}}],"collection":[{"href":"https:\/\/www.caririemacao.com\/1\/wp-json\/wp\/v2\/posts"}],"about":[{"href":"https:\/\/www.caririemacao.com\/1\/wp-json\/wp\/v2\/types\/post"}],"author":[{"embeddable":true,"href":"https:\/\/www.caririemacao.com\/1\/wp-json\/wp\/v2\/users\/1"}],"replies":[{"embeddable":true,"href":"https:\/\/www.caririemacao.com\/1\/wp-json\/wp\/v2\/comments?post=148810"}],"version-history":[{"count":1,"href":"https:\/\/www.caririemacao.com\/1\/wp-json\/wp\/v2\/posts\/148810\/revisions"}],"predecessor-version":[{"id":148814,"href":"https:\/\/www.caririemacao.com\/1\/wp-json\/wp\/v2\/posts\/148810\/revisions\/148814"}],"wp:featuredmedia":[{"embeddable":true,"href":"https:\/\/www.caririemacao.com\/1\/wp-json\/wp\/v2\/media\/148813"}],"wp:attachment":[{"href":"https:\/\/www.caririemacao.com\/1\/wp-json\/wp\/v2\/media?parent=148810"}],"wp:term":[{"taxonomy":"category","embeddable":true,"href":"https:\/\/www.caririemacao.com\/1\/wp-json\/wp\/v2\/categories?post=148810"},{"taxonomy":"post_tag","embeddable":true,"href":"https:\/\/www.caririemacao.com\/1\/wp-json\/wp\/v2\/tags?post=148810"}],"curies":[{"name":"wp","href":"https:\/\/api.w.org\/{rel}","templated":true}]}}