{"id":148821,"date":"2020-01-24T09:01:49","date_gmt":"2020-01-24T12:01:49","guid":{"rendered":"http:\/\/www.caririemacao.com\/1\/?p=148821"},"modified":"2020-01-24T09:01:50","modified_gmt":"2020-01-24T12:01:50","slug":"conselho-tutelar-emite-nota-sobre-o-caso-da-monteirense-que-teve-casa-alagada","status":"publish","type":"post","link":"https:\/\/www.caririemacao.com\/1\/2020\/01\/24\/conselho-tutelar-emite-nota-sobre-o-caso-da-monteirense-que-teve-casa-alagada\/","title":{"rendered":"Conselho Tutelar emite nota sobre o caso da monteirense que teve casa alagada"},"content":{"rendered":"\n<p>Gostar\u00edamos de esclarecer alguns fatos expostos na m\u00eddia indicando que o Conselho Tutelar n\u00e3o teria tido atua\u00e7\u00e3o no caso de uma moradora que teve sua casa invadida pelas \u00e1guas da chuva na \u00faltima segunda-feira, dia 20.<\/p>\n\n\n\n<p>Diante disto, vimos por meio desta informar que tanto o Conselho Tutelar, quanto a pr\u00f3pria Secretaria de Desenvolvimento Social do munic\u00edpio de Monteiro, s\u00f3 foram acionados ap\u00f3s as 09 horas da manh\u00e3 da ter\u00e7a-feira, 21, portanto, impossibilitados de prestar qualquer aux\u00edlio.<\/p>\n\n\n\n<p>Informamos ainda, que ap\u00f3s o recebimento da den\u00fancia as provid\u00eancias foram iniciadas imediatamente no intuito de providenciar o melhor para o bem estar da moradora e das crian\u00e7as e adolescentes que j\u00e1 encontravam-se fora de situa\u00e7\u00e3o de risco.<\/p>\n\n\n\n<p>De posse das informa\u00e7\u00f5es sobre os fatos, o conselheiro Lucas Marques acionou os demais membros da equipe que acompanharam a situa\u00e7\u00e3o at\u00e9 a reuni\u00e3o da moradora com a prefeita do munic\u00edpio do munic\u00edpio e a secret\u00e1ria de Desenvolvimento Social onde o problema foi discutido e a solu\u00e7\u00e3o apontada sendo aceita pela moradora.<\/p>\n\n\n\n<p>Informamos ainda que o acordo firmado entre as partes foi que a moradora escolheria a casa e a Prefeitura de Monteiro arcaria com o custo atrav\u00e9s do Aluguel Social, o mesmo benef\u00edcio que j\u00e1 havia sido utilizado na situa\u00e7\u00e3o anterior, ainda ficou acordado que a mesma indicaria um pedreiro para que seja feito o reparo necess\u00e1rio na casa.<\/p>\n\n\n\n<p>No dia seguinte o acordo, a moradora recusou-se a realizar a mudan\u00e7a, e ap\u00f3s conversa com os Conselheiros Tutelares a mesma decidiu realizar a mudan\u00e7a. A casa indicada pelos conselheiros foi aprovada pela moradora e deu-se a mudan\u00e7a, onde a moradia \u00e9 no mesmo bairro dando assim condi\u00e7\u00f5es de que as crian\u00e7as permanecessem na mesma escola e tamb\u00e9m sem nenhum outro preju\u00edzo, como atendimento no PSF de origem e outros.<\/p>\n\n\n\n<p>Os Conselheiros Tutelares do Munic\u00edpio de Monteiro reiteram o apoio oferecido a moradora e afirmam que todo o suporte necess\u00e1rio foi disponibilizado para a senhora e seus netos.<\/p>\n\n\n\n<p>Nos disponibilizamos ainda para ajudar em qualquer situa\u00e7\u00e3o a qualquer crian\u00e7a e adolescente monteirense da zona urbana ou rural que necessitar. Deixamos nossos contatos: 3351 \u2013 1537 das 08 \u00e0s 17 horas e pelo n\u00famero &nbsp;99611-2040 para den\u00fancias e sugest\u00f5es com atendimento 24 horas.<\/p>\n","protected":false},"excerpt":{"rendered":"<p>Gostar\u00edamos de esclarecer alguns fatos expostos na m\u00eddia indicando que o Conselho Tutelar n\u00e3o teria tido atua\u00e7\u00e3o no caso de uma moradora que teve sua&hellip; <\/p>\n","protected":false},"author":1,"featured_media":148827,"comment_status":"closed","ping_status":"closed","sticky":false,"template":"","format":"standard","meta":{"sfsi_plus_gutenberg_text_before_share":"","sfsi_plus_gutenberg_show_text_before_share":"","sfsi_plus_gutenberg_icon_type":"","sfsi_plus_gutenberg_icon_alignemt":"","sfsi_plus_gutenburg_max_per_row":"","footnotes":""},"categories":[2],"tags":[],"class_list":["post-148821","post","type-post","status-publish","format-standard","has-post-thumbnail","hentry","category-geral"],"_links":{"self":[{"href":"https:\/\/www.caririemacao.com\/1\/wp-json\/wp\/v2\/posts\/148821","targetHints":{"allow":["GET"]}}],"collection":[{"href":"https:\/\/www.caririemacao.com\/1\/wp-json\/wp\/v2\/posts"}],"about":[{"href":"https:\/\/www.caririemacao.com\/1\/wp-json\/wp\/v2\/types\/post"}],"author":[{"embeddable":true,"href":"https:\/\/www.caririemacao.com\/1\/wp-json\/wp\/v2\/users\/1"}],"replies":[{"embeddable":true,"href":"https:\/\/www.caririemacao.com\/1\/wp-json\/wp\/v2\/comments?post=148821"}],"version-history":[{"count":1,"href":"https:\/\/www.caririemacao.com\/1\/wp-json\/wp\/v2\/posts\/148821\/revisions"}],"predecessor-version":[{"id":148828,"href":"https:\/\/www.caririemacao.com\/1\/wp-json\/wp\/v2\/posts\/148821\/revisions\/148828"}],"wp:featuredmedia":[{"embeddable":true,"href":"https:\/\/www.caririemacao.com\/1\/wp-json\/wp\/v2\/media\/148827"}],"wp:attachment":[{"href":"https:\/\/www.caririemacao.com\/1\/wp-json\/wp\/v2\/media?parent=148821"}],"wp:term":[{"taxonomy":"category","embeddable":true,"href":"https:\/\/www.caririemacao.com\/1\/wp-json\/wp\/v2\/categories?post=148821"},{"taxonomy":"post_tag","embeddable":true,"href":"https:\/\/www.caririemacao.com\/1\/wp-json\/wp\/v2\/tags?post=148821"}],"curies":[{"name":"wp","href":"https:\/\/api.w.org\/{rel}","templated":true}]}}