{"id":148841,"date":"2020-01-24T09:06:25","date_gmt":"2020-01-24T12:06:25","guid":{"rendered":"http:\/\/www.caririemacao.com\/1\/?p=148841"},"modified":"2020-01-24T09:06:26","modified_gmt":"2020-01-24T12:06:26","slug":"bandidos-arrombam-residencia-e-furtam-bicicleta-em-monteiro","status":"publish","type":"post","link":"https:\/\/www.caririemacao.com\/1\/2020\/01\/24\/bandidos-arrombam-residencia-e-furtam-bicicleta-em-monteiro\/","title":{"rendered":"Bandidos arrombam resid\u00eancia e furtam bicicleta em Monteiro"},"content":{"rendered":"\n<p>Uma resid\u00eancia localizado no bairro distrito dos mec\u00e2nicos em Monteiro, foi invadida na \u00faltima ter\u00e7a-feira (21), por bandidos fizeram maior bagun\u00e7a a procura de outros objetos e levaram uma bicicleta \u201cBIKE\u201d de cor preta com laranja<\/p>\n\n\n\n<p><strong>HORA1PB<\/strong><\/p>\n\n\n\n<p>(IMAGEM DA INTERNET)<\/p>\n\n\n\n<figure class=\"wp-block-image\"><img decoding=\"async\" data-src=\"http:\/\/hora1pb.com.br\/wp-content\/uploads\/2020\/01\/images-8-300x300.jpeg\" alt=\"\" class=\"wp-image-16980 lazyload\" src=\"data:image\/svg+xml;base64,PHN2ZyB3aWR0aD0iMSIgaGVpZ2h0PSIxIiB4bWxucz0iaHR0cDovL3d3dy53My5vcmcvMjAwMC9zdmciPjwvc3ZnPg==\" style=\"--smush-placeholder-width: 300px; --smush-placeholder-aspect-ratio: 300\/300;\" \/><\/figure>\n\n\n\n<figure class=\"wp-block-image\"><img decoding=\"async\" data-src=\"http:\/\/hora1pb.com.br\/wp-content\/uploads\/2020\/01\/IMG_20200123_135903-278x300.jpg\" alt=\"\" class=\"wp-image-16979 lazyload\" src=\"data:image\/svg+xml;base64,PHN2ZyB3aWR0aD0iMSIgaGVpZ2h0PSIxIiB4bWxucz0iaHR0cDovL3d3dy53My5vcmcvMjAwMC9zdmciPjwvc3ZnPg==\" style=\"--smush-placeholder-width: 278px; --smush-placeholder-aspect-ratio: 278\/300;\" \/><\/figure>\n","protected":false},"excerpt":{"rendered":"<p>Uma resid\u00eancia localizado no bairro distrito dos mec\u00e2nicos em Monteiro, foi invadida na \u00faltima ter\u00e7a-feira (21), por bandidos fizeram maior bagun\u00e7a a procura de outros&hellip; <\/p>\n","protected":false},"author":1,"featured_media":148845,"comment_status":"closed","ping_status":"closed","sticky":false,"template":"","format":"standard","meta":{"sfsi_plus_gutenberg_text_before_share":"","sfsi_plus_gutenberg_show_text_before_share":"","sfsi_plus_gutenberg_icon_type":"","sfsi_plus_gutenberg_icon_alignemt":"","sfsi_plus_gutenburg_max_per_row":"","footnotes":""},"categories":[50,12],"tags":[],"class_list":["post-148841","post","type-post","status-publish","format-standard","has-post-thumbnail","hentry","category-destaque","category-policia"],"_links":{"self":[{"href":"https:\/\/www.caririemacao.com\/1\/wp-json\/wp\/v2\/posts\/148841","targetHints":{"allow":["GET"]}}],"collection":[{"href":"https:\/\/www.caririemacao.com\/1\/wp-json\/wp\/v2\/posts"}],"about":[{"href":"https:\/\/www.caririemacao.com\/1\/wp-json\/wp\/v2\/types\/post"}],"author":[{"embeddable":true,"href":"https:\/\/www.caririemacao.com\/1\/wp-json\/wp\/v2\/users\/1"}],"replies":[{"embeddable":true,"href":"https:\/\/www.caririemacao.com\/1\/wp-json\/wp\/v2\/comments?post=148841"}],"version-history":[{"count":1,"href":"https:\/\/www.caririemacao.com\/1\/wp-json\/wp\/v2\/posts\/148841\/revisions"}],"predecessor-version":[{"id":148846,"href":"https:\/\/www.caririemacao.com\/1\/wp-json\/wp\/v2\/posts\/148841\/revisions\/148846"}],"wp:featuredmedia":[{"embeddable":true,"href":"https:\/\/www.caririemacao.com\/1\/wp-json\/wp\/v2\/media\/148845"}],"wp:attachment":[{"href":"https:\/\/www.caririemacao.com\/1\/wp-json\/wp\/v2\/media?parent=148841"}],"wp:term":[{"taxonomy":"category","embeddable":true,"href":"https:\/\/www.caririemacao.com\/1\/wp-json\/wp\/v2\/categories?post=148841"},{"taxonomy":"post_tag","embeddable":true,"href":"https:\/\/www.caririemacao.com\/1\/wp-json\/wp\/v2\/tags?post=148841"}],"curies":[{"name":"wp","href":"https:\/\/api.w.org\/{rel}","templated":true}]}}