{"id":148850,"date":"2020-01-24T09:07:40","date_gmt":"2020-01-24T12:07:40","guid":{"rendered":"http:\/\/www.caririemacao.com\/1\/?p=148850"},"modified":"2020-01-24T09:07:42","modified_gmt":"2020-01-24T12:07:42","slug":"familia-raspa-cabelo-para-apoiar-jovem-paraibana-diagnosticada-com-leucemia","status":"publish","type":"post","link":"https:\/\/www.caririemacao.com\/1\/2020\/01\/24\/familia-raspa-cabelo-para-apoiar-jovem-paraibana-diagnosticada-com-leucemia\/","title":{"rendered":"Fam\u00edlia raspa cabelo para apoiar jovem paraibana diagnosticada com leucemia"},"content":{"rendered":"\n<p>O descobrimento de um caso de leucemia uniu ainda mais uma fam\u00edlia paraibana.<\/p>\n\n\n\n<p>Isso porque as cinco irm\u00e3s, a m\u00e3e e a tia de Vit\u00f3ria Ara\u00fajo, de apenas 16 anos de idade, rasparam a cabe\u00e7a em solidariedade \u00e0 jovem, ap\u00f3s ela ter perdido os cabelos devido ao tratamento de quimioterapia.<\/p>\n\n\n\n<p>O caso ganhou destaque nacional ap\u00f3s exibi\u00e7\u00e3o de reportagem na TV Para\u00edba.<\/p>\n\n\n\n<p>De acordo com informa\u00e7\u00f5es da reportagem, Vit\u00f3ria Ara\u00fajo diagnosticou a doen\u00e7a depois de ter procurado um m\u00e9dico para avaliar alguns sintomas que vinha apresentando, como cansa\u00e7o, sangramento na gengiva e desmaio.<\/p>\n\n\n\n<p>Para\u00edba online<\/p>\n","protected":false},"excerpt":{"rendered":"<p>O descobrimento de um caso de leucemia uniu ainda mais uma fam\u00edlia paraibana. Isso porque as cinco irm\u00e3s, a m\u00e3e e a tia de Vit\u00f3ria&hellip; <\/p>\n","protected":false},"author":1,"featured_media":148855,"comment_status":"closed","ping_status":"closed","sticky":false,"template":"","format":"standard","meta":{"sfsi_plus_gutenberg_text_before_share":"","sfsi_plus_gutenberg_show_text_before_share":"","sfsi_plus_gutenberg_icon_type":"","sfsi_plus_gutenberg_icon_alignemt":"","sfsi_plus_gutenburg_max_per_row":"","footnotes":""},"categories":[2],"tags":[],"class_list":["post-148850","post","type-post","status-publish","format-standard","has-post-thumbnail","hentry","category-geral"],"_links":{"self":[{"href":"https:\/\/www.caririemacao.com\/1\/wp-json\/wp\/v2\/posts\/148850","targetHints":{"allow":["GET"]}}],"collection":[{"href":"https:\/\/www.caririemacao.com\/1\/wp-json\/wp\/v2\/posts"}],"about":[{"href":"https:\/\/www.caririemacao.com\/1\/wp-json\/wp\/v2\/types\/post"}],"author":[{"embeddable":true,"href":"https:\/\/www.caririemacao.com\/1\/wp-json\/wp\/v2\/users\/1"}],"replies":[{"embeddable":true,"href":"https:\/\/www.caririemacao.com\/1\/wp-json\/wp\/v2\/comments?post=148850"}],"version-history":[{"count":1,"href":"https:\/\/www.caririemacao.com\/1\/wp-json\/wp\/v2\/posts\/148850\/revisions"}],"predecessor-version":[{"id":148856,"href":"https:\/\/www.caririemacao.com\/1\/wp-json\/wp\/v2\/posts\/148850\/revisions\/148856"}],"wp:featuredmedia":[{"embeddable":true,"href":"https:\/\/www.caririemacao.com\/1\/wp-json\/wp\/v2\/media\/148855"}],"wp:attachment":[{"href":"https:\/\/www.caririemacao.com\/1\/wp-json\/wp\/v2\/media?parent=148850"}],"wp:term":[{"taxonomy":"category","embeddable":true,"href":"https:\/\/www.caririemacao.com\/1\/wp-json\/wp\/v2\/categories?post=148850"},{"taxonomy":"post_tag","embeddable":true,"href":"https:\/\/www.caririemacao.com\/1\/wp-json\/wp\/v2\/tags?post=148850"}],"curies":[{"name":"wp","href":"https:\/\/api.w.org\/{rel}","templated":true}]}}