{"id":148863,"date":"2020-01-24T11:39:25","date_gmt":"2020-01-24T14:39:25","guid":{"rendered":"http:\/\/www.caririemacao.com\/1\/?p=148863"},"modified":"2020-01-24T11:39:27","modified_gmt":"2020-01-24T14:39:27","slug":"prefeito-jefferson-roberto-tira-licenca-e-lourdes-dantas-e-a-primeira-mulher-a-assumir-a-prefeitura-de-sao-jose-dos-cordeiros","status":"publish","type":"post","link":"https:\/\/www.caririemacao.com\/1\/2020\/01\/24\/prefeito-jefferson-roberto-tira-licenca-e-lourdes-dantas-e-a-primeira-mulher-a-assumir-a-prefeitura-de-sao-jose-dos-cordeiros\/","title":{"rendered":"Prefeito Jefferson Roberto tira licen\u00e7a e Lourdes Dantas \u00e9 a primeira mulher a assumir a Prefeitura de S\u00e3o Jos\u00e9 dos Cordeiros"},"content":{"rendered":"\n<p>Na \u00faltima ter\u00e7a-feira (21), o prefeito Jefferson Roberto fez a passagem de cargo de prefeito para a vice-prefeita Lourdes Dantas, a primeira mulher a assumir a Prefeitura de S\u00e3o Jos\u00e9 dos Cordeiros.<\/p>\n\n\n\n<p>Jefferson tirou uma licen\u00e7a de apenas 10 dias para descanso e ficar\u00e1 afastado das fun\u00e7\u00f5es at\u00e9 o dia 30 de janeiro.<\/p>\n\n\n\n<p>\u201cLourdes Dantas tem uma vida honrada e \u00e9 com prazer que transmito o cargo de prefeito para esta mulher guerreira, com mais de 30 anos de servi\u00e7os prestados ao povo cordeirense\u201d, destacou o prefeito Jefferson.<\/p>\n\n\n\n<p>A prefeita interina agradeceu a confian\u00e7a de seu colega de gest\u00e3o e disse que ao longo desses pr\u00f3ximos dias estar\u00e1 atenta \u00e0s demandas da popula\u00e7\u00e3o e dar\u00e1 continuidade ao trabalho que o governo vem desenvolvendo.<\/p>\n\n\n\n<p>Lourdes Dantas j\u00e1 participou esta semana do lan\u00e7amento do programa estadual de habita\u00e7\u00e3o popular a convite do governador Jo\u00e3o Azevedo.<\/p>\n","protected":false},"excerpt":{"rendered":"<p>Na \u00faltima ter\u00e7a-feira (21), o prefeito Jefferson Roberto fez a passagem de cargo de prefeito para a vice-prefeita Lourdes Dantas, a primeira mulher a assumir&hellip; <\/p>\n","protected":false},"author":1,"featured_media":148864,"comment_status":"closed","ping_status":"closed","sticky":false,"template":"","format":"standard","meta":{"sfsi_plus_gutenberg_text_before_share":"","sfsi_plus_gutenberg_show_text_before_share":"","sfsi_plus_gutenberg_icon_type":"","sfsi_plus_gutenberg_icon_alignemt":"","sfsi_plus_gutenburg_max_per_row":"","footnotes":""},"categories":[6,50],"tags":[],"class_list":["post-148863","post","type-post","status-publish","format-standard","has-post-thumbnail","hentry","category-cidades","category-destaque"],"_links":{"self":[{"href":"https:\/\/www.caririemacao.com\/1\/wp-json\/wp\/v2\/posts\/148863","targetHints":{"allow":["GET"]}}],"collection":[{"href":"https:\/\/www.caririemacao.com\/1\/wp-json\/wp\/v2\/posts"}],"about":[{"href":"https:\/\/www.caririemacao.com\/1\/wp-json\/wp\/v2\/types\/post"}],"author":[{"embeddable":true,"href":"https:\/\/www.caririemacao.com\/1\/wp-json\/wp\/v2\/users\/1"}],"replies":[{"embeddable":true,"href":"https:\/\/www.caririemacao.com\/1\/wp-json\/wp\/v2\/comments?post=148863"}],"version-history":[{"count":1,"href":"https:\/\/www.caririemacao.com\/1\/wp-json\/wp\/v2\/posts\/148863\/revisions"}],"predecessor-version":[{"id":148865,"href":"https:\/\/www.caririemacao.com\/1\/wp-json\/wp\/v2\/posts\/148863\/revisions\/148865"}],"wp:featuredmedia":[{"embeddable":true,"href":"https:\/\/www.caririemacao.com\/1\/wp-json\/wp\/v2\/media\/148864"}],"wp:attachment":[{"href":"https:\/\/www.caririemacao.com\/1\/wp-json\/wp\/v2\/media?parent=148863"}],"wp:term":[{"taxonomy":"category","embeddable":true,"href":"https:\/\/www.caririemacao.com\/1\/wp-json\/wp\/v2\/categories?post=148863"},{"taxonomy":"post_tag","embeddable":true,"href":"https:\/\/www.caririemacao.com\/1\/wp-json\/wp\/v2\/tags?post=148863"}],"curies":[{"name":"wp","href":"https:\/\/api.w.org\/{rel}","templated":true}]}}