{"id":148874,"date":"2020-01-24T12:53:31","date_gmt":"2020-01-24T15:53:31","guid":{"rendered":"http:\/\/www.caririemacao.com\/1\/?p=148874"},"modified":"2020-01-24T12:53:33","modified_gmt":"2020-01-24T15:53:33","slug":"secretaria-de-esportes-de-monteiro-realiza-sorteio-das-chaves-de-mais-uma-edicao-do-campeonato-ruralzao","status":"publish","type":"post","link":"https:\/\/www.caririemacao.com\/1\/2020\/01\/24\/secretaria-de-esportes-de-monteiro-realiza-sorteio-das-chaves-de-mais-uma-edicao-do-campeonato-ruralzao\/","title":{"rendered":"Secretaria de Esportes de Monteiro realiza sorteio das chaves de mais uma edi\u00e7\u00e3o do Campeonato Ruralz\u00e3o"},"content":{"rendered":"\n<p>Com in\u00edcio marcado para dia 02 de fevereiro, o Campeonato Ruralz\u00e3o ter\u00e1 seu pontap\u00e9 inicial neste s\u00e1bado, 25, a partir das 08 horas, com o sorteio das chaves. Nesta edi\u00e7\u00e3o participam 40 equipes, somando mais de mil pessoas atuando direta e indiretamente na competi\u00e7\u00e3o.<\/p>\n\n\n\n<p><br>Segundo o secret\u00e1rio de Esportes, Rostand Chaves, esta \u00e9 mais uma oportunidade de reunir todos os atletas e come\u00e7ar mais um edi\u00e7\u00e3o do Ruralz\u00e3o com o p\u00e9 direito. <\/p>\n\n\n\n<p>\u201cSempre no sorteio das chaves temos um clima de comemora\u00e7\u00e3o e uma rivalidade saud\u00e1vel, fazendo deste campeonato o maior da Para\u00edba no segmento, tanto na quest\u00e3o de organiza\u00e7\u00e3o e participa\u00e7\u00e3o quanto no sentido da integra\u00e7\u00e3o. Temos a melhor expectativa poss\u00edvel\u201d, comenta.<\/p>\n\n\n\n<p><br>J\u00e1 o vice-prefeito Celecileno Alves comenta sobre a import\u00e2ncia do Campeonato: \u201cO Ruralz\u00e3o \u00e9 importante para nossos esportistas, quanto para o incremento da renda dos pequenos comerciantes que vendem seus produtos como lanches. <\/p>\n\n\n\n<p>Ainda temos outro destaque importante que \u00e9 a reinaugura\u00e7\u00e3o do Feitos\u00e3o ainda este ano, algo que n\u00f3s monteirenses esper\u00e1vamos h\u00e1 muito tempo. Este \u00e9 um legado que assim como Jorge Menezes e Dr. Chico, deixaremos para a popula\u00e7\u00e3o\u201d.<\/p>\n\n\n\n<p><br>Confira quais os times participantes do Campeonato Ruralz\u00e3o<br>ANGIQUINHO \u2013 AngiquinhoAROEIRENSE \u2013 AroeiraATL\u00c9TICO \u2013 PicosATL\u00c9TICO \u2013 BredosAUTO ESPORTE \u2013 Vila PopularBARRAD\u00c3O \u2013 RigideiraBARRIGUDA- BarrigudaBARROS \u2013 BarroBEIRA-RIO \u2013 Espirito SantoCRUZ AZUL \u2013 Baixa do BoiCUPIRENSE \u2013 CupirasESP\u00cdRITO SANTO \u2013 Esp\u00edrito SantoESTRELINHA \u2013 BarreirosEXPRESSINHO \u2013 GameleiraEXTREMA \u2013 ExtremaFARTURA \u2013 FarturaFLAMENGO \u2013 Vila da PapaLAGOA \u2013 LagoaMACAP\u00c1 \u2013 Macap\u00e1MALHADA DA PEDRA \u2013 Malhada da PedraMALHADA VERMELHA \u2013 Malhada VermelhaMORCEGO \u2013 MorcegoMULUNGU \u2013 MulunguOLARIA \u2013 Vila da PapaOLHO D\u2019\u00c1GUA DO SILVA \u2013 Olho D\u2019\u00e1gua do SilvaPITOMBEIRA 1 \u2013 PitombeiraPITOMBEIRA 2 \u2013 PitombeiraPONTE PRETA \u2013 MatadouroPORTAL \u2013 PortalRIACHO DO MEIO \u2013 Riacho do MeioRIBEIRA \u2013 RibeiraRIFUG\u00c3O \u2013 PocinhosRUSIL \u2013 RusilSANTANA \u2013 SantanaSERRA BRANCA \u2013 Serra BrancaSERRA DO MOC\u00d3 \u2013 Serra do Moc\u00f3SERROTE \u2013 SerroteSITIO DO MEIO- Sitio do MeioUNI\u00c3O F. C. \u2013 Santa CatarinaVILA NOVA \u2013 Santa Catarina<br><\/p>\n\n\n\n<p><strong>SECOM<\/strong><\/p>\n","protected":false},"excerpt":{"rendered":"<p>Com in\u00edcio marcado para dia 02 de fevereiro, o Campeonato Ruralz\u00e3o ter\u00e1 seu pontap\u00e9 inicial neste s\u00e1bado, 25, a partir das 08 horas, com o&hellip; <\/p>\n","protected":false},"author":1,"featured_media":148875,"comment_status":"closed","ping_status":"closed","sticky":false,"template":"","format":"standard","meta":{"sfsi_plus_gutenberg_text_before_share":"","sfsi_plus_gutenberg_show_text_before_share":"","sfsi_plus_gutenberg_icon_type":"","sfsi_plus_gutenberg_icon_alignemt":"","sfsi_plus_gutenburg_max_per_row":"","footnotes":""},"categories":[6],"tags":[],"class_list":["post-148874","post","type-post","status-publish","format-standard","has-post-thumbnail","hentry","category-cidades"],"_links":{"self":[{"href":"https:\/\/www.caririemacao.com\/1\/wp-json\/wp\/v2\/posts\/148874","targetHints":{"allow":["GET"]}}],"collection":[{"href":"https:\/\/www.caririemacao.com\/1\/wp-json\/wp\/v2\/posts"}],"about":[{"href":"https:\/\/www.caririemacao.com\/1\/wp-json\/wp\/v2\/types\/post"}],"author":[{"embeddable":true,"href":"https:\/\/www.caririemacao.com\/1\/wp-json\/wp\/v2\/users\/1"}],"replies":[{"embeddable":true,"href":"https:\/\/www.caririemacao.com\/1\/wp-json\/wp\/v2\/comments?post=148874"}],"version-history":[{"count":1,"href":"https:\/\/www.caririemacao.com\/1\/wp-json\/wp\/v2\/posts\/148874\/revisions"}],"predecessor-version":[{"id":148876,"href":"https:\/\/www.caririemacao.com\/1\/wp-json\/wp\/v2\/posts\/148874\/revisions\/148876"}],"wp:featuredmedia":[{"embeddable":true,"href":"https:\/\/www.caririemacao.com\/1\/wp-json\/wp\/v2\/media\/148875"}],"wp:attachment":[{"href":"https:\/\/www.caririemacao.com\/1\/wp-json\/wp\/v2\/media?parent=148874"}],"wp:term":[{"taxonomy":"category","embeddable":true,"href":"https:\/\/www.caririemacao.com\/1\/wp-json\/wp\/v2\/categories?post=148874"},{"taxonomy":"post_tag","embeddable":true,"href":"https:\/\/www.caririemacao.com\/1\/wp-json\/wp\/v2\/tags?post=148874"}],"curies":[{"name":"wp","href":"https:\/\/api.w.org\/{rel}","templated":true}]}}