{"id":148881,"date":"2020-01-24T12:55:47","date_gmt":"2020-01-24T15:55:47","guid":{"rendered":"http:\/\/www.caririemacao.com\/1\/?p=148881"},"modified":"2020-01-24T12:55:49","modified_gmt":"2020-01-24T15:55:49","slug":"prefeito-dalyson-neves-anuncia-construcao-de-60-cisternas-em-parceria-com-o-cisco-em-zabele","status":"publish","type":"post","link":"https:\/\/www.caririemacao.com\/1\/2020\/01\/24\/prefeito-dalyson-neves-anuncia-construcao-de-60-cisternas-em-parceria-com-o-cisco-em-zabele\/","title":{"rendered":"Prefeito Dalyson Neves anuncia constru\u00e7\u00e3o de 60 cisternas em parceria com o CISCO em Zabel\u00ea"},"content":{"rendered":"\n<p>Prefeitos e representantes dos munic\u00edpios caririzeiros que comp\u00f5em o Cons\u00f3rcio Intermunicipal de Sa\u00fade do Cariri Ocidental \u2013 CISCO estiveram reunidos na manh\u00e3 da \u00faltima sexta-feira (17), na sede da institui\u00e7\u00e3o em Sum\u00e9-PB, para discutir o conv\u00eanio por meio do qual ser\u00e3o constru\u00eddas 1.079 cisternas nos munic\u00edpios consorciados.<\/p>\n\n\n\n<p><br>Na reuni\u00e3o ficou assegurada a destina\u00e7\u00e3o de 60 unidades para o munic\u00edpio de Zabel\u00ea, cisternas estas que ser\u00e3o constru\u00eddas na zona rural do munic\u00edpio.<\/p>\n\n\n\n<p><br>O CISCO foi contemplado pelo Conv\u00eanio Plataforma +Brasil cujos recursos prov\u00eam do Minist\u00e9rio da Cidadania. A constru\u00e7\u00e3o das cisternas ser\u00e1 custeada com esses recursos mais contrapartida dos munic\u00edpios contemplados.<\/p>\n\n\n\n<p><strong>COM PORTALTVCARIRI<\/strong><\/p>\n","protected":false},"excerpt":{"rendered":"<p>Prefeitos e representantes dos munic\u00edpios caririzeiros que comp\u00f5em o Cons\u00f3rcio Intermunicipal de Sa\u00fade do Cariri Ocidental \u2013 CISCO estiveram reunidos na manh\u00e3 da \u00faltima sexta-feira&hellip; <\/p>\n","protected":false},"author":1,"featured_media":54667,"comment_status":"closed","ping_status":"closed","sticky":false,"template":"","format":"standard","meta":{"sfsi_plus_gutenberg_text_before_share":"","sfsi_plus_gutenberg_show_text_before_share":"","sfsi_plus_gutenberg_icon_type":"","sfsi_plus_gutenberg_icon_alignemt":"","sfsi_plus_gutenburg_max_per_row":"","footnotes":""},"categories":[6],"tags":[],"class_list":["post-148881","post","type-post","status-publish","format-standard","has-post-thumbnail","hentry","category-cidades"],"_links":{"self":[{"href":"https:\/\/www.caririemacao.com\/1\/wp-json\/wp\/v2\/posts\/148881","targetHints":{"allow":["GET"]}}],"collection":[{"href":"https:\/\/www.caririemacao.com\/1\/wp-json\/wp\/v2\/posts"}],"about":[{"href":"https:\/\/www.caririemacao.com\/1\/wp-json\/wp\/v2\/types\/post"}],"author":[{"embeddable":true,"href":"https:\/\/www.caririemacao.com\/1\/wp-json\/wp\/v2\/users\/1"}],"replies":[{"embeddable":true,"href":"https:\/\/www.caririemacao.com\/1\/wp-json\/wp\/v2\/comments?post=148881"}],"version-history":[{"count":1,"href":"https:\/\/www.caririemacao.com\/1\/wp-json\/wp\/v2\/posts\/148881\/revisions"}],"predecessor-version":[{"id":148885,"href":"https:\/\/www.caririemacao.com\/1\/wp-json\/wp\/v2\/posts\/148881\/revisions\/148885"}],"wp:featuredmedia":[{"embeddable":true,"href":"https:\/\/www.caririemacao.com\/1\/wp-json\/wp\/v2\/media\/54667"}],"wp:attachment":[{"href":"https:\/\/www.caririemacao.com\/1\/wp-json\/wp\/v2\/media?parent=148881"}],"wp:term":[{"taxonomy":"category","embeddable":true,"href":"https:\/\/www.caririemacao.com\/1\/wp-json\/wp\/v2\/categories?post=148881"},{"taxonomy":"post_tag","embeddable":true,"href":"https:\/\/www.caririemacao.com\/1\/wp-json\/wp\/v2\/tags?post=148881"}],"curies":[{"name":"wp","href":"https:\/\/api.w.org\/{rel}","templated":true}]}}