{"id":148892,"date":"2020-01-24T12:57:19","date_gmt":"2020-01-24T15:57:19","guid":{"rendered":"http:\/\/www.caririemacao.com\/1\/?p=148892"},"modified":"2020-01-24T12:57:21","modified_gmt":"2020-01-24T15:57:21","slug":"copa-cariri-de-futsal-tera-ultimo-congresso-tecnico-em-cabaceiras","status":"publish","type":"post","link":"https:\/\/www.caririemacao.com\/1\/2020\/01\/24\/copa-cariri-de-futsal-tera-ultimo-congresso-tecnico-em-cabaceiras\/","title":{"rendered":"Copa Cariri de Futsal ter\u00e1 \u00faltimo congresso t\u00e9cnico em Cabaceiras"},"content":{"rendered":"\n<p>A Coordena\u00e7\u00e3o da Copa Cariri de Futsal, realizar\u00e1 no pr\u00f3ximo s\u00e1bado (25\/01), \u00e0s 9 horas da manh\u00e3 no plen\u00e1rio da C\u00e2mara Municipal da cidade de Cabaceiras, Congresso T\u00e9cnico que definir\u00e1 os participantes da d\u00e9cima terceira edi\u00e7\u00e3o do certame.<\/p>\n\n\n\n<p>Os trabalhos de prepara\u00e7\u00e3o e convites as equipes que demonstraram interesse em participar da Copa se iniciaram a mais de tr\u00eas meses, para que de forma criteriosa a coordena\u00e7\u00e3o tenha a devida condi\u00e7\u00e3o de escolher as melhores equipes da modalidade na regi\u00e3o.<\/p>\n\n\n\n<p>O Coordenador, Dami\u00e3o Lima, renovou o chamamento aos dirigentes que participaram dos congressos nas suas respectivas regi\u00f5es, Cariri Oriental e Cariri Ocidental. \u201c\u00c9 com muita alegria e gratid\u00e3o a Deus por me dar a oportunidade de refor\u00e7ar o convite a todos amantes do futsal para se fazerem presentes no Congresso Definitivo na Cidade de Cabaceiras, para que na oportunidade possamos divulgar os grupos, aprovar regulamento entre outros assuntos que ser\u00e3o discutidos democraticamente\u201d, concluiu Dami\u00e3o Lima.<\/p>\n\n\n\n<p>Sem fugir da tradi\u00e7\u00e3o a Copa ter\u00e1 inicio no m\u00eas de fevereiro, mais precisamente no dia 15, com t\u00e9rmino previsto para o m\u00eas de maio do corrente ano.<\/p>\n","protected":false},"excerpt":{"rendered":"<p>A Coordena\u00e7\u00e3o da Copa Cariri de Futsal, realizar\u00e1 no pr\u00f3ximo s\u00e1bado (25\/01), \u00e0s 9 horas da manh\u00e3 no plen\u00e1rio da C\u00e2mara Municipal da cidade de&hellip; <\/p>\n","protected":false},"author":1,"featured_media":148899,"comment_status":"closed","ping_status":"closed","sticky":false,"template":"","format":"standard","meta":{"sfsi_plus_gutenberg_text_before_share":"","sfsi_plus_gutenberg_show_text_before_share":"","sfsi_plus_gutenberg_icon_type":"","sfsi_plus_gutenberg_icon_alignemt":"","sfsi_plus_gutenburg_max_per_row":"","footnotes":""},"categories":[13],"tags":[],"class_list":["post-148892","post","type-post","status-publish","format-standard","has-post-thumbnail","hentry","category-esportes"],"_links":{"self":[{"href":"https:\/\/www.caririemacao.com\/1\/wp-json\/wp\/v2\/posts\/148892","targetHints":{"allow":["GET"]}}],"collection":[{"href":"https:\/\/www.caririemacao.com\/1\/wp-json\/wp\/v2\/posts"}],"about":[{"href":"https:\/\/www.caririemacao.com\/1\/wp-json\/wp\/v2\/types\/post"}],"author":[{"embeddable":true,"href":"https:\/\/www.caririemacao.com\/1\/wp-json\/wp\/v2\/users\/1"}],"replies":[{"embeddable":true,"href":"https:\/\/www.caririemacao.com\/1\/wp-json\/wp\/v2\/comments?post=148892"}],"version-history":[{"count":1,"href":"https:\/\/www.caririemacao.com\/1\/wp-json\/wp\/v2\/posts\/148892\/revisions"}],"predecessor-version":[{"id":148900,"href":"https:\/\/www.caririemacao.com\/1\/wp-json\/wp\/v2\/posts\/148892\/revisions\/148900"}],"wp:featuredmedia":[{"embeddable":true,"href":"https:\/\/www.caririemacao.com\/1\/wp-json\/wp\/v2\/media\/148899"}],"wp:attachment":[{"href":"https:\/\/www.caririemacao.com\/1\/wp-json\/wp\/v2\/media?parent=148892"}],"wp:term":[{"taxonomy":"category","embeddable":true,"href":"https:\/\/www.caririemacao.com\/1\/wp-json\/wp\/v2\/categories?post=148892"},{"taxonomy":"post_tag","embeddable":true,"href":"https:\/\/www.caririemacao.com\/1\/wp-json\/wp\/v2\/tags?post=148892"}],"curies":[{"name":"wp","href":"https:\/\/api.w.org\/{rel}","templated":true}]}}