{"id":148902,"date":"2020-01-24T12:59:14","date_gmt":"2020-01-24T15:59:14","guid":{"rendered":"http:\/\/www.caririemacao.com\/1\/?p=148902"},"modified":"2020-01-24T12:59:16","modified_gmt":"2020-01-24T15:59:16","slug":"programa-mais-sorrisos-no-campo-reinicia-atividades-em-fevereiro","status":"publish","type":"post","link":"https:\/\/www.caririemacao.com\/1\/2020\/01\/24\/programa-mais-sorrisos-no-campo-reinicia-atividades-em-fevereiro\/","title":{"rendered":"Programa \u201cMais Sorrisos no Campo\u201d reinicia atividades em fevereiro"},"content":{"rendered":"\n<p>O Programa \u201cMais Sorrisos no Campo\u201d, considerado o maior programa de Sa\u00fade Bucal, j\u00e1 realizado na hist\u00f3ria da zona rural do Munic\u00edpio de Monteiro, reinicia as atividades na primeira segunda-feira (06) do m\u00eas de fevereiro, nas comunidades rurais da Vila Produtiva Rural Lafayete (manh\u00e3) e S\u00edtio Extrema (tarde), onde ser\u00e3o atendidas crian\u00e7as, jovens, adultos e idosos daquelas comunidades.<\/p>\n\n\n\n<p>A prefeita Anna Lorena, disse o que programa \u201cMais Sorrisos no Campo\u201d lan\u00e7ado no in\u00edcio de 2019, fez um grande sucesso e cumpriu com o objetivo de levar sa\u00fade bucal, a todas as comunidades rurais do munic\u00edpio.<\/p>\n\n\n\n<p>\u201cOs dados levantados pela Secretaria de Sa\u00fade, demostraram que, caso n\u00e3o houvesse a implanta\u00e7\u00e3o do programa, n\u00f3s ter\u00edamos grande parte da popula\u00e7\u00e3o sem atendimento odontol\u00f3gico. N\u00e3o por falta de profissionais, mas pela dificuldade de deixar os afazeres de casa e se locomover a UBS mais pr\u00f3xima. Com o atendimento no Consult\u00f3rio M\u00f3vel Odontol\u00f3gico, o paciente \u00e9 atendido, literalmente, na porta de casa.\u201d Comentou Anna Lorena.<\/p>\n\n\n\n<p>O Programa oferece servi\u00e7os odontol\u00f3gicos para as popula\u00e7\u00f5es de locais que apresentam maior dificuldade de acesso aos servi\u00e7os de sa\u00fade, localizados predominantemente nas \u00e1reas rurais, com a mesma qualidade dos servi\u00e7os oferecidos na zona urbana.<\/p>\n\n\n\n<p>Como participar do programa<\/p>\n\n\n\n<p>No final de cada m\u00eas \u00e9 divulgada previamente a lista das comunidades rurais que ser\u00e3o atendidas no m\u00eas seguinte. A Rela\u00e7\u00e3o dos pacientes que ser\u00e3o atendidos em data pr\u00e9-agendada, fica a cargo dos presidentes das Associa\u00e7\u00f5es Rurais, que encaminham a demanda com a lista de todos os pacientes, diretamente para o coordenador do programa \u201cMais Sorrisos no Campo\u201d.<\/p>\n","protected":false},"excerpt":{"rendered":"<p>O Programa \u201cMais Sorrisos no Campo\u201d, considerado o maior programa de Sa\u00fade Bucal, j\u00e1 realizado na hist\u00f3ria da zona rural do Munic\u00edpio de Monteiro, reinicia&hellip; <\/p>\n","protected":false},"author":1,"featured_media":148904,"comment_status":"closed","ping_status":"closed","sticky":false,"template":"","format":"standard","meta":{"sfsi_plus_gutenberg_text_before_share":"","sfsi_plus_gutenberg_show_text_before_share":"","sfsi_plus_gutenberg_icon_type":"","sfsi_plus_gutenberg_icon_alignemt":"","sfsi_plus_gutenburg_max_per_row":"","footnotes":""},"categories":[6],"tags":[],"class_list":["post-148902","post","type-post","status-publish","format-standard","has-post-thumbnail","hentry","category-cidades"],"_links":{"self":[{"href":"https:\/\/www.caririemacao.com\/1\/wp-json\/wp\/v2\/posts\/148902","targetHints":{"allow":["GET"]}}],"collection":[{"href":"https:\/\/www.caririemacao.com\/1\/wp-json\/wp\/v2\/posts"}],"about":[{"href":"https:\/\/www.caririemacao.com\/1\/wp-json\/wp\/v2\/types\/post"}],"author":[{"embeddable":true,"href":"https:\/\/www.caririemacao.com\/1\/wp-json\/wp\/v2\/users\/1"}],"replies":[{"embeddable":true,"href":"https:\/\/www.caririemacao.com\/1\/wp-json\/wp\/v2\/comments?post=148902"}],"version-history":[{"count":1,"href":"https:\/\/www.caririemacao.com\/1\/wp-json\/wp\/v2\/posts\/148902\/revisions"}],"predecessor-version":[{"id":148905,"href":"https:\/\/www.caririemacao.com\/1\/wp-json\/wp\/v2\/posts\/148902\/revisions\/148905"}],"wp:featuredmedia":[{"embeddable":true,"href":"https:\/\/www.caririemacao.com\/1\/wp-json\/wp\/v2\/media\/148904"}],"wp:attachment":[{"href":"https:\/\/www.caririemacao.com\/1\/wp-json\/wp\/v2\/media?parent=148902"}],"wp:term":[{"taxonomy":"category","embeddable":true,"href":"https:\/\/www.caririemacao.com\/1\/wp-json\/wp\/v2\/categories?post=148902"},{"taxonomy":"post_tag","embeddable":true,"href":"https:\/\/www.caririemacao.com\/1\/wp-json\/wp\/v2\/tags?post=148902"}],"curies":[{"name":"wp","href":"https:\/\/api.w.org\/{rel}","templated":true}]}}