{"id":148914,"date":"2020-01-24T13:20:08","date_gmt":"2020-01-24T16:20:08","guid":{"rendered":"http:\/\/www.caririemacao.com\/1\/?p=148914"},"modified":"2020-01-24T13:20:11","modified_gmt":"2020-01-24T16:20:11","slug":"prefeito-eden-faz-novas-convocacoes-de-aprovados-no-concurso-de-2019-e-no-processo-seletivo-para-tecnico-de-enfermagem","status":"publish","type":"post","link":"https:\/\/www.caririemacao.com\/1\/2020\/01\/24\/prefeito-eden-faz-novas-convocacoes-de-aprovados-no-concurso-de-2019-e-no-processo-seletivo-para-tecnico-de-enfermagem\/","title":{"rendered":"Prefeito \u00c9den faz novas convoca\u00e7\u00f5es de aprovados no concurso de 2019 e no Processo Seletivo para t\u00e9cnico de enfermagem"},"content":{"rendered":"\n<p>O prefeito de Sum\u00e9 \u00c9den Duarte est\u00e1 fazendo novas convoca\u00e7\u00f5es dos aprovados no Concurso P\u00fablico do Munic\u00edpio de 2019, realizado no \u00faltimo m\u00eas de outubro. Esta \u00e9 a quarta convoca\u00e7\u00e3o que o prefeito faz dos aprovados neste certame.<\/p>\n\n\n\n<p>Est\u00e3o sendo chamados neste edital, de 23 de janeiro, dois professores de m\u00fasica, que devem se apresentar na Secretaria de Administra\u00e7\u00e3o com a devida documenta\u00e7\u00e3o, no prazo de 10 dias.<\/p>\n\n\n\n<p>No mesmo Boletim Oficial, o prefeito tamb\u00e9m est\u00e1 chamando 19 t\u00e9cnicas de enfermagem que foram aprovadas no Processo Seletivo realizado no m\u00eas de dezembro de 2019. Nesta convoca\u00e7\u00e3o, as candidatas tem o prazo de 48 horas para se apresentarem \u00e0 Administra\u00e7\u00e3o.<\/p>\n\n\n\n<p>Do concurso de 2019, o prefeito \u00c9den, somente neste in\u00edcio de ano, j\u00e1 vem convocando 25 candidatos aprovados, nos mais variados cargos, como professores de Ci\u00eancias Humanas e Sociais, Ci\u00eancias Exatas, Linguagens e C\u00f3digos, Dan\u00e7a, M\u00fasica, Inform\u00e1tica, cirurgi\u00e3o dentista, m\u00e9dico pediatra, psiquiatra, auxiliar de desenvolvimento cognitivo e cuidador educacional.<\/p>\n\n\n\n<p>Confira a lista dos convocados na edi\u00e7\u00e3o do Boletim Oficial de 23 de janeiro de 2020:<\/p>\n\n\n\n<p>Agrupamento Funcional Atividades de N\u00edvel Superior \u2013 SSA-ANS-601<\/p>\n\n\n\n<figure class=\"wp-block-table\"><table class=\"\"><tbody><tr><td><strong>GRUPO OCUPACIONAL: MAGIST\u00c9RIO P\u00daBLICO MUNICIPAL \u2013 MAG-400<\/strong><\/td><\/tr><tr><td><strong>CATEGORIA PROFISSIONAL: PROFESSOR FUNDAMENTAL II<\/strong><\/td><\/tr><tr><td><strong>HABILITA\u00c7\u00c3O: PROFESSOR DE M\u00daSICA<\/strong><\/td><\/tr><tr><td><strong>COL.<\/strong><\/td><td><strong>INSC.<\/strong><\/td><td><strong>PORTARIA<\/strong><\/td><td><strong>NOME<\/strong><\/td><td><strong>S\u00cdMBOLO<\/strong><\/td><\/tr><tr><td>2\u00ba<\/td><td>27.1.4.24.1.1<\/td><td>6.004\/2020<\/td><td>LAIZIME DA SILVA FONTES<\/td><td>402.13<\/td><\/tr><tr><td>3\u00ba<\/td><td>27.1.4.19.1.1<\/td><td>6.005\/2020<\/td><td>DIEGO BRUNO DE SOUZA<\/td><td>402.13<\/td><\/tr><\/tbody><\/table><\/figure>\n\n\n\n<p><strong>Processo Seletivo para T\u00e9cnico de Enfermagem:<\/strong><\/p>\n\n\n\n<figure class=\"wp-block-table\"><table class=\"\"><tbody><tr><td><strong>INSC<\/strong><\/td><td><strong>CANDIDATOS APROVADOS\/CLASSIFICADOS<\/strong><\/td><td><strong>APROVADO<\/strong><\/td><\/tr><tr><td>06\/2019<\/td><td>JOELMA SOARES SILVA<\/td><td>1\u00ba LUGAR<\/td><\/tr><tr><td>24\/2019<\/td><td>MARIA ROZILENE DE FARIAS SANTOS<\/td><td>2\u00ba LUGAR<\/td><\/tr><tr><td>07\/2019<\/td><td>JOSEFA DA SILVA FEITOSA<\/td><td>3\u00ba LUGAR<\/td><\/tr><tr><td>15\/2019<\/td><td>MARIA ZELIA DA SILVA BARBOZA<\/td><td>4\u00ba LUGAR<\/td><\/tr><tr><td>12\/2019<\/td><td>THALLITA MONNYKY FLOR\u00caNCIO DA SILVA CHAVES<\/td><td>5\u00ba LUGAR<\/td><\/tr><tr><td>40\/2019<\/td><td>FABIANA AIRES DA SILVA<\/td><td>6\u00ba LUGAR<\/td><\/tr><tr><td>18\/2019<\/td><td>MARIA APOLONIA DO NASCIMENTO PEREIRA<\/td><td>7\u00ba LUGAR<\/td><\/tr><tr><td>34\/2019<\/td><td>JUSSANDRA TAVARES DE LIMA C\u00c2NDIDO<\/td><td>8\u00ba LUGAR<\/td><\/tr><tr><td>25\/2019<\/td><td>IVONEIDE DA SILVA FEITOSA GOUVEIA<\/td><td>9\u00ba LUGAR<\/td><\/tr><tr><td>47\/2019<\/td><td>VILMA MARIA RAMOS DE OLIVEIRA<\/td><td>10\u00ba LUGAR<\/td><\/tr><tr><td>04\/2019<\/td><td>ERIKA DANIELLE DE LIMA SOUSA<\/td><td>11\u00ba LUGAR<\/td><\/tr><tr><td>11\/2019<\/td><td>ELENICE DA SILVA BRITO<\/td><td>12\u00ba LUGAR<\/td><\/tr><tr><td>17\/2019<\/td><td>SUZANA ALVES DE ARA\u00daJO EVANGELISTA<\/td><td>13\u00ba LUGAR<\/td><\/tr><tr><td>03\/2019<\/td><td>MARCIA DE LIMA SOARES<\/td><td>14\u00ba LUGAR<\/td><\/tr><tr><td>31\/2019<\/td><td>ELIDIANA DA SILVA<\/td><td>15\u00ba LUGAR<\/td><\/tr><tr><td>28\/2019<\/td><td>REGINALDA VALERIA COSTA BARBOZA DE SOUZA<\/td><td>16\u00ba LUGAR<\/td><\/tr><tr><td>23\/2019<\/td><td>LINDICLEA BALBINO DE SOUZA<\/td><td>17\u00ba LUGAR<\/td><\/tr><tr><td>56\/2019<\/td><td>LIGIDA MARIA GOMES RAPOSO<\/td><td>18\u00ba LUGAR<\/td><\/tr><tr><td>29\/2019<\/td><td>JOS\u00c9 EUCLIDES DA SILVA NETO<\/td><td>19\u00ba LUGAR<\/td><\/tr><\/tbody><\/table><\/figure>\n\n\n\n<p>Ascom PMS<\/p>\n","protected":false},"excerpt":{"rendered":"<p>O prefeito de Sum\u00e9 \u00c9den Duarte est\u00e1 fazendo novas convoca\u00e7\u00f5es dos aprovados no Concurso P\u00fablico do Munic\u00edpio de 2019, realizado no \u00faltimo m\u00eas de outubro.&hellip; <\/p>\n","protected":false},"author":1,"featured_media":113420,"comment_status":"closed","ping_status":"closed","sticky":false,"template":"","format":"standard","meta":{"sfsi_plus_gutenberg_text_before_share":"","sfsi_plus_gutenberg_show_text_before_share":"","sfsi_plus_gutenberg_icon_type":"","sfsi_plus_gutenberg_icon_alignemt":"","sfsi_plus_gutenburg_max_per_row":"","footnotes":""},"categories":[50,2],"tags":[],"class_list":["post-148914","post","type-post","status-publish","format-standard","has-post-thumbnail","hentry","category-destaque","category-geral"],"_links":{"self":[{"href":"https:\/\/www.caririemacao.com\/1\/wp-json\/wp\/v2\/posts\/148914","targetHints":{"allow":["GET"]}}],"collection":[{"href":"https:\/\/www.caririemacao.com\/1\/wp-json\/wp\/v2\/posts"}],"about":[{"href":"https:\/\/www.caririemacao.com\/1\/wp-json\/wp\/v2\/types\/post"}],"author":[{"embeddable":true,"href":"https:\/\/www.caririemacao.com\/1\/wp-json\/wp\/v2\/users\/1"}],"replies":[{"embeddable":true,"href":"https:\/\/www.caririemacao.com\/1\/wp-json\/wp\/v2\/comments?post=148914"}],"version-history":[{"count":1,"href":"https:\/\/www.caririemacao.com\/1\/wp-json\/wp\/v2\/posts\/148914\/revisions"}],"predecessor-version":[{"id":148916,"href":"https:\/\/www.caririemacao.com\/1\/wp-json\/wp\/v2\/posts\/148914\/revisions\/148916"}],"wp:featuredmedia":[{"embeddable":true,"href":"https:\/\/www.caririemacao.com\/1\/wp-json\/wp\/v2\/media\/113420"}],"wp:attachment":[{"href":"https:\/\/www.caririemacao.com\/1\/wp-json\/wp\/v2\/media?parent=148914"}],"wp:term":[{"taxonomy":"category","embeddable":true,"href":"https:\/\/www.caririemacao.com\/1\/wp-json\/wp\/v2\/categories?post=148914"},{"taxonomy":"post_tag","embeddable":true,"href":"https:\/\/www.caririemacao.com\/1\/wp-json\/wp\/v2\/tags?post=148914"}],"curies":[{"name":"wp","href":"https:\/\/api.w.org\/{rel}","templated":true}]}}