{"id":148918,"date":"2020-01-24T13:21:59","date_gmt":"2020-01-24T16:21:59","guid":{"rendered":"http:\/\/www.caririemacao.com\/1\/?p=148918"},"modified":"2020-01-24T13:22:01","modified_gmt":"2020-01-24T16:22:01","slug":"bolsonaro-nomeia-professor-paraibano-para-presidencia-da-coordenacao-da-capes","status":"publish","type":"post","link":"https:\/\/www.caririemacao.com\/1\/2020\/01\/24\/bolsonaro-nomeia-professor-paraibano-para-presidencia-da-coordenacao-da-capes\/","title":{"rendered":"Bolsonaro nomeia professor paraibano para presid\u00eancia da coordena\u00e7\u00e3o da Capes"},"content":{"rendered":"\n<p>O presidente Jair Bolsonaro nomeou o professor paraibano Benedito Guimar\u00e3es, atual reitor da Faculdade Mackenzie, para o cargo de presidente da Coordena\u00e7\u00e3o de Aperfei\u00e7oamento de Pessoal de N\u00edvel Superior (Capes). O ato foi publicado no Di\u00e1rio Oficial da Uni\u00e3o desta sexta-feira (24).<\/p>\n\n\n\n<p>Benedito \u00e9 graduado em Engenharia El\u00e9trica pela Universidade Federal da Para\u00edba (1977), mestre em Engenharia El\u00e9trica pela Universidade Federal da Para\u00edba (1982), doutor em Elektrotechnik\/Fernmeldetechnik pela TechnischeUniversit\u00e4t Berlin, Alemanha (1987) e p\u00f3s-doutor pela Universityof Washington, EUA (2008).<\/p>\n\n\n\n<p>O Professor Titular aposentado do Departamento de Engenharia El\u00e9trica da Universidade Federal de Campina Grande, foi Coordenador do Curso de Engenharia El\u00e9trica da UFPB de 1989 a 1993 e esteve na diretoria do Centro de Ci\u00eancias e Tecnologia da UFPB e UFCG de 1997 a 2005.<\/p>\n\n\n\n<p><\/p>\n","protected":false},"excerpt":{"rendered":"<p>O presidente Jair Bolsonaro nomeou o professor paraibano Benedito Guimar\u00e3es, atual reitor da Faculdade Mackenzie, para o cargo de presidente da Coordena\u00e7\u00e3o de Aperfei\u00e7oamento de&hellip; <\/p>\n","protected":false},"author":1,"featured_media":148921,"comment_status":"closed","ping_status":"closed","sticky":false,"template":"","format":"standard","meta":{"sfsi_plus_gutenberg_text_before_share":"","sfsi_plus_gutenberg_show_text_before_share":"","sfsi_plus_gutenberg_icon_type":"","sfsi_plus_gutenberg_icon_alignemt":"","sfsi_plus_gutenburg_max_per_row":"","footnotes":""},"categories":[11],"tags":[],"class_list":["post-148918","post","type-post","status-publish","format-standard","has-post-thumbnail","hentry","category-politica"],"_links":{"self":[{"href":"https:\/\/www.caririemacao.com\/1\/wp-json\/wp\/v2\/posts\/148918","targetHints":{"allow":["GET"]}}],"collection":[{"href":"https:\/\/www.caririemacao.com\/1\/wp-json\/wp\/v2\/posts"}],"about":[{"href":"https:\/\/www.caririemacao.com\/1\/wp-json\/wp\/v2\/types\/post"}],"author":[{"embeddable":true,"href":"https:\/\/www.caririemacao.com\/1\/wp-json\/wp\/v2\/users\/1"}],"replies":[{"embeddable":true,"href":"https:\/\/www.caririemacao.com\/1\/wp-json\/wp\/v2\/comments?post=148918"}],"version-history":[{"count":1,"href":"https:\/\/www.caririemacao.com\/1\/wp-json\/wp\/v2\/posts\/148918\/revisions"}],"predecessor-version":[{"id":148922,"href":"https:\/\/www.caririemacao.com\/1\/wp-json\/wp\/v2\/posts\/148918\/revisions\/148922"}],"wp:featuredmedia":[{"embeddable":true,"href":"https:\/\/www.caririemacao.com\/1\/wp-json\/wp\/v2\/media\/148921"}],"wp:attachment":[{"href":"https:\/\/www.caririemacao.com\/1\/wp-json\/wp\/v2\/media?parent=148918"}],"wp:term":[{"taxonomy":"category","embeddable":true,"href":"https:\/\/www.caririemacao.com\/1\/wp-json\/wp\/v2\/categories?post=148918"},{"taxonomy":"post_tag","embeddable":true,"href":"https:\/\/www.caririemacao.com\/1\/wp-json\/wp\/v2\/tags?post=148918"}],"curies":[{"name":"wp","href":"https:\/\/api.w.org\/{rel}","templated":true}]}}