{"id":148925,"date":"2020-01-24T13:23:45","date_gmt":"2020-01-24T16:23:45","guid":{"rendered":"http:\/\/www.caririemacao.com\/1\/?p=148925"},"modified":"2020-01-24T13:23:55","modified_gmt":"2020-01-24T16:23:55","slug":"bolsonaro-bate-pino-e-descarta-esvaziar-ministerio-de-moro","status":"publish","type":"post","link":"https:\/\/www.caririemacao.com\/1\/2020\/01\/24\/bolsonaro-bate-pino-e-descarta-esvaziar-ministerio-de-moro\/","title":{"rendered":"Bolsonaro \u00b4bate pino\u00b4 e descarta esvaziar minist\u00e9rio de Moro"},"content":{"rendered":"\n<p>&nbsp;O presidente Jair Bolsonaro afirmou nesta sexta-feira (24) na \u00cdndia que h\u00e1 \u201czero chance\u201d de um Minist\u00e9rio da Seguran\u00e7a P\u00fablica ser criado \u201cno momento\u201d, o que esvaziaria a pasta da Justi\u00e7a, que abriga as pautas de seguran\u00e7a e tem no comando o ex-juiz federal Sergio Moro.<\/p>\n\n\n\n<p>Ao chegar a seu hotel, Bolsonaro afirmou que \u201ca chance no momento [de criar um minist\u00e9rio da Seguran\u00e7a P\u00fablica] \u00e9 zero, n\u00e3o sei o amanh\u00e3, porque na pol\u00edtica tudo muda, mas a inten\u00e7\u00e3o n\u00e3o \u00e9 criar \u201c.<\/p>\n\n\n\n<p>Conforme o jornal Folha de S.Paulo revelou um dia antes, o&nbsp;<a href=\"https:\/\/paraibaonline.com.br\/2020\/01\/bolsonaro-volta-a-cogitar-a-divisao-dos-poderes-de-sergio-moro\/\">pedido de recria\u00e7\u00e3o da Seguran\u00e7a foi articulado com Bolsonaro<\/a>&nbsp;antes de sua reuni\u00e3o com secret\u00e1rios estaduais da \u00e1rea, ocorrida na quarta (22) e que reacendeu o processo de fritura de Moro.<\/p>\n\n\n\n<p>A discuss\u00e3o sobre o desmembramento da Justi\u00e7a para criar um Minist\u00e9rio da Seguran\u00e7a P\u00fablica criou um mal-estar com Moro, que disse a aliados que poderia deixar o governo caso isso acontecesse. Na \u00cdndia, o presidente disse que n\u00e3o se manifestou antes sobre a quest\u00e3o de forma mais enf\u00e1tica porque estava em voo, que levou 25 horas.<\/p>\n\n\n\n<p>\u201cH\u00e1 interesse de setores da pol\u00edtica [na cria\u00e7\u00e3o do minist\u00e9rio], simplesmente recolhemos as sugest\u00f5es educadamente e dissemos que vamos estud\u00e1-las\u201d, disse.<\/p>\n\n\n\n<p>Conforme aliados do ex-juiz, a sinaliza\u00e7\u00e3o dada por Bolsonaro \u00e9 de desgosto pelo desempenho do ministro em sua entrevista na segunda (20) ao programa Roda Viva (TV Cultura), na qual n\u00e3o teria sido enf\u00e1tico na defesa do chefe ante cr\u00edticas de jornalistas.<\/p>\n\n\n\n<p>Cr\u00edticos do ministro no governo viram na entrevista a figura de um candidato a presidente, e n\u00e3o a de um servidor do governo -ou da \u201ccausa\u201d, como gostam de dizer bolsonaristas mais fi\u00e9is.<\/p>\n\n\n\n<p>Bolsonaro disse que n\u00e3o chegou a falar com Moro sobre o assunto porque n\u00e3o era necess\u00e1rio. \u201cN\u00e3o preciso falar com ele, nos entendemos muito bem. Ele tem o seu perfil, outros ministros t\u00eam os seus pr\u00f3prios, Brasil est\u00e1 indo muito bem\u201d, disse. \u201cN\u00fameros de seguran\u00e7a p\u00fablica est\u00e3o muito bem, e \u00e9 a minha m\u00e1xima, em time que est\u00e1 ganhando, n\u00e3o se mexe.\u201d<\/p>\n\n\n\n<p>O presidente disse ainda que a maior press\u00e3o que existe \u00e9 para a volta dos mist\u00e9rios do Planejamento e da Fazenda, que foram fundidos para criar o Minist\u00e9rio da Economia. \u201cSe isso [a press\u00e3o] se tornar p\u00fablico, v\u00e3o dizer que eu estou querendo enfraquecer o [Paulo] Guedes.\u201d<\/p>\n\n\n\n<p>Antes de embarcar para a viagem \u00e0 \u00cdndia, Bolsonaro havia voltado a falar sobre a possibilidade de recria\u00e7\u00e3o do Minist\u00e9rio da Seguran\u00e7a P\u00fablica.<\/p>\n\n\n\n<p>Nesse caso, Moro permaneceria \u00e0 frente da pasta da Justi\u00e7a e perderia a sua principal bandeira at\u00e9 aqui: a queda nas taxas de homic\u00eddios, tend\u00eancia iniciada ainda na gest\u00e3o do ex-presidente Michel Temer (MDB) e acelerada agora.<\/p>\n\n\n\n<p>O flanco de ataque de Bolsonaro ao ex-juiz \u00e9 o mesmo do ano passado, quando Moro quase foi demitido no segundo semestre. O presidente ensaiou remover o diretor da Pol\u00edcia Federal, e Moro se colocou frontalmente contra a ideia.<\/p>\n\n\n\n<p>Agora, se o minist\u00e9rio for recriado, a Pol\u00edcia Federal e outras estruturas automaticamente saem do controle do ex-juiz s\u00edmbolo da Opera\u00e7\u00e3o Lava Jato.<\/p>\n\n\n\n<p>Isso tem implica\u00e7\u00f5es diversas. A PF acompanha direta ou indiretamente investiga\u00e7\u00f5es politicamente sens\u00edveis, como aquelas sobre o filho senador de Bolsonaro, Fl\u00e1vio (sem partido-RJ), ou a do assassinato da vereadora Marielle Franco e seu motorista.<\/p>\n\n\n\n<p>Ent\u00e3o juiz da 13\u00aa Vara Criminal da Justi\u00e7a Federal em Curitiba, Moro foi convidado por Bolsonaro logo ap\u00f3s sua vit\u00f3ria. Ele chegou ao governo com a promessa de que assumiria um \u201csuperminist\u00e9rio\u201d com a miss\u00e3o de refor\u00e7ar o combate \u00e0 corrup\u00e7\u00e3o.<\/p>\n\n\n\n<p>Apesar do desgaste, segundo o Datafolha, Moro se consolidou como o ministro mais bem avaliado no primeiro ano do governo Bolsonaro, com apoio popular maior do que o do pr\u00f3prio presidente.<\/p>\n\n\n\n<p>Entre os que dizem conhec\u00ea-lo, 53% avaliam sua gest\u00e3o no minist\u00e9rio como \u00f3tima\/boa. Outros 23% consideram regular, e 21%, ruim\/p\u00e9ssima. J\u00e1 Bolsonaro tem indicadores mais modestos, com 30% de \u00f3timo\/bom, 32% de regular e 36% de ruim\/p\u00e9ssimo.<\/p>\n\n\n\n<p>Nos bastidores do Planalto o nome do ex-deputado Alberto Fraga (DEM-DF) come\u00e7ou a ser cotado para assumir uma eventual pasta de Seguran\u00e7a. Com discurso pr\u00f3-armas e ex-integrante da bancada da bala da C\u00e2mara, Fraga \u00e9 amigo pessoal de Bolsonaro desde os tempos em que ambos eram parlamentares e com quem mant\u00e9m estreita rela\u00e7\u00e3o at\u00e9 hoje.<\/p>\n\n\n\n<p>CONTRARREA\u00c7\u00c3O<br>Antes de recuar, Bolsonaro tentou conter a rea\u00e7\u00e3o pr\u00f3-Moro nas redes sociais e buscou minimizar a eventual recria\u00e7\u00e3o do Minist\u00e9rio da Seguran\u00e7a e o consequente desmembramento da Justi\u00e7a.<\/p>\n\n\n\n<p>A ideia de dividir o atual minist\u00e9rio gerou uma onda de manifesta\u00e7\u00f5es espont\u00e2neas de apoio ao ministro nas redes sociais. Moro, o mais popular dos titulares do primeiro escal\u00e3o do atual governo, pareceu fragilizado pelo presidente perante a opini\u00e3o p\u00fablica e a classe pol\u00edtica em Bras\u00edlia.<\/p>\n\n\n\n<p>A repeti\u00e7\u00e3o por dois dias seguidos de que a seguran\u00e7a poderia ser retirada de Moro teve forte repercuss\u00e3o. As redes sociais, altamente sens\u00edveis para Bolsonaro, advogaram pelo ministro.<\/p>\n\n\n\n<p>O nome do ministro ficou entre os temas mais comentados do Twitter. As publica\u00e7\u00f5es, em sua maioria, tinham tom cr\u00edtico a eventuais articula\u00e7\u00f5es do presidente. O assunto ainda contaminou o mundo pol\u00edtico.<\/p>\n\n\n\n<p>Bolsonaro e sua equipe ent\u00e3o entraram em a\u00e7\u00e3o para desenhar uma resposta \u00e0 milit\u00e2ncia virtual -base tanto de Bolsonaro como de Moro.<\/p>\n\n\n\n<p>O presidente recorreu a Augusto Heleno, ministro-chefe do GSI (Gabinete de Seguran\u00e7a Institucional), para sair em sua defesa publicamente. Tamb\u00e9m nas redes sociais, o general cumpriu a miss\u00e3o dada pelo capit\u00e3o. Heleno deu in\u00edcio a uma s\u00e9rie de publica\u00e7\u00f5es para contrapor o movimento de desagravo a Moro.<\/p>\n\n\n\n<p>Moro passou o dia em sil\u00eancio e sem agenda p\u00fablica, mas deixou chegar a aliados o desconforto com as declara\u00e7\u00f5es de Bolsonaro.<\/p>\n\n\n\n<p>Por um lado, o bom andamento do governo depende da perman\u00eancia do ministro, que se tornou um \u00edcone popular ap\u00f3s seu desempenho como juiz na condu\u00e7\u00e3o da Opera\u00e7\u00e3o Lava Jato em Curitiba. Por outro, o papel de destaque de Moro incomoda Bolsonaro, que v\u00ea nos gestos p\u00fablicos do ministro a inten\u00e7\u00e3o de disputar a elei\u00e7\u00e3o presidencial de 2022.<\/p>\n\n\n\n<p>METAS DA SEGURAN\u00c7A<br>Ap\u00f3s pouco mais de um ano no Pal\u00e1cio do Planalto, Bolsonaro ainda n\u00e3o tirou do papel mais da metade das promessas que fez para reduzir a viol\u00eancia e a criminalidade no pa\u00eds.<\/p>\n\n\n\n<p>A seguran\u00e7a p\u00fablica foi a grande aposta da campanha bolsonarista e \u00e9 um de seus trunfos para alavancar uma reelei\u00e7\u00e3o em 2022. At\u00e9 agora, no entanto, s\u00f3 foram cumpridas 4 das 18 metas para a \u00e1rea anunciadas por Bolsonaro. Outras tr\u00eas come\u00e7am a ser postas em pr\u00e1tica.<\/p>\n\n\n\n<p>Continuam na gaveta propostas como acabar com as audi\u00eancias de cust\u00f3dia (que garantem o encontro entre a pessoa presa e um juiz em at\u00e9 24 horas); reduzir a maioridade penal para 16 anos; construir pres\u00eddios; tipificar a\u00e7\u00f5es do MST como terrorismo; usar as For\u00e7as Armadas contra o crime organizado; e gravar no Pante\u00e3o da P\u00e1tria e da Liberdade, em Bras\u00edlia, o nome de policiais mortos.<\/p>\n\n\n\n<p>Outras metas est\u00e3o travadas no Congresso, como diminuir de 25 para 21 anos a idade m\u00ednima para obter acesso a armas. Por enquanto, os parlamentares s\u00f3 permitiram a aquisi\u00e7\u00e3o de armamento mais cedo em \u00e1rea rural.<\/p>\n\n\n\n<p>Outra pauta emperrada \u00e9 a do excludente de ilicitude para policiais, que apareceu no pacote anticrime, apresentado pelo ministro da Justi\u00e7a, Sergio Moro. O trecho que isentava policiais que matassem em servi\u00e7o de responder \u00e0 Justi\u00e7a em caso de \u201cmedo ou violenta emo\u00e7\u00e3o\u201d foi retirado pelos deputados antes de o projeto ser aprovado no Congresso sem as principais bandeiras bolsonaristas.<\/p>\n\n\n\n<p>A atual gest\u00e3o tem destacado a acelera\u00e7\u00e3o na tend\u00eancia de queda no \u00edndice de homic\u00eddios nos primeiros oito meses do ano. Dados preliminares do governo indicam que a redu\u00e7\u00e3o est\u00e1 na casa de 20%.<\/p>\n\n\n\n<p>Se confirmados esses dados quando houver consolida\u00e7\u00e3o das ocorr\u00eancias no ano, isso significa que deixaram de ser mortas 7.000 pessoas em compara\u00e7\u00e3o com 2018. Ca\u00edram tamb\u00e9m latroc\u00ednios, roubos de carga, ve\u00edculos e a banco. Os \u00edndices t\u00eam sido comemorados por Moro como m\u00e9rito da gest\u00e3o bolsonarista.<\/p>\n","protected":false},"excerpt":{"rendered":"<p>&nbsp;O presidente Jair Bolsonaro afirmou nesta sexta-feira (24) na \u00cdndia que h\u00e1 \u201czero chance\u201d de um Minist\u00e9rio da Seguran\u00e7a P\u00fablica ser criado \u201cno momento\u201d, o&hellip; <\/p>\n","protected":false},"author":1,"featured_media":148929,"comment_status":"closed","ping_status":"closed","sticky":false,"template":"","format":"standard","meta":{"sfsi_plus_gutenberg_text_before_share":"","sfsi_plus_gutenberg_show_text_before_share":"","sfsi_plus_gutenberg_icon_type":"","sfsi_plus_gutenberg_icon_alignemt":"","sfsi_plus_gutenburg_max_per_row":"","footnotes":""},"categories":[2],"tags":[],"class_list":["post-148925","post","type-post","status-publish","format-standard","has-post-thumbnail","hentry","category-geral"],"_links":{"self":[{"href":"https:\/\/www.caririemacao.com\/1\/wp-json\/wp\/v2\/posts\/148925","targetHints":{"allow":["GET"]}}],"collection":[{"href":"https:\/\/www.caririemacao.com\/1\/wp-json\/wp\/v2\/posts"}],"about":[{"href":"https:\/\/www.caririemacao.com\/1\/wp-json\/wp\/v2\/types\/post"}],"author":[{"embeddable":true,"href":"https:\/\/www.caririemacao.com\/1\/wp-json\/wp\/v2\/users\/1"}],"replies":[{"embeddable":true,"href":"https:\/\/www.caririemacao.com\/1\/wp-json\/wp\/v2\/comments?post=148925"}],"version-history":[{"count":1,"href":"https:\/\/www.caririemacao.com\/1\/wp-json\/wp\/v2\/posts\/148925\/revisions"}],"predecessor-version":[{"id":148930,"href":"https:\/\/www.caririemacao.com\/1\/wp-json\/wp\/v2\/posts\/148925\/revisions\/148930"}],"wp:featuredmedia":[{"embeddable":true,"href":"https:\/\/www.caririemacao.com\/1\/wp-json\/wp\/v2\/media\/148929"}],"wp:attachment":[{"href":"https:\/\/www.caririemacao.com\/1\/wp-json\/wp\/v2\/media?parent=148925"}],"wp:term":[{"taxonomy":"category","embeddable":true,"href":"https:\/\/www.caririemacao.com\/1\/wp-json\/wp\/v2\/categories?post=148925"},{"taxonomy":"post_tag","embeddable":true,"href":"https:\/\/www.caririemacao.com\/1\/wp-json\/wp\/v2\/tags?post=148925"}],"curies":[{"name":"wp","href":"https:\/\/api.w.org\/{rel}","templated":true}]}}