{"id":148932,"date":"2020-01-24T13:25:48","date_gmt":"2020-01-24T16:25:48","guid":{"rendered":"http:\/\/www.caririemacao.com\/1\/?p=148932"},"modified":"2020-01-24T13:25:49","modified_gmt":"2020-01-24T16:25:49","slug":"hoje-se-comemora-o-dia-da-previdencia-social-conheca-um-pouco-da-historia","status":"publish","type":"post","link":"https:\/\/www.caririemacao.com\/1\/2020\/01\/24\/hoje-se-comemora-o-dia-da-previdencia-social-conheca-um-pouco-da-historia\/","title":{"rendered":"Hoje se comemora o Dia da Previd\u00eancia Social; conhe\u00e7a um pouco da hist\u00f3ria"},"content":{"rendered":"\n<p> E comemorado neste dia 24 de janeiro o Dia da Previd\u00eancia Social e o Dia Nacional do Aposentado. Em entrevista \u00e0 R\u00e1dio Campina FM, a advogada e professora Renata Sobral contou um pouco da hist\u00f3ria por tr\u00e1s da data, como funciona a contribui\u00e7\u00e3o previdenci\u00e1ria e o que de fato assegura.<\/p>\n\n\n\n<p>A especialista contou que essa data foi criada em raz\u00e3o do decreto da Lei 4.682\/23 e esta criava caixas de aposentadoria e pens\u00e3o para os trabalhadores ferrovi\u00e1rios.<\/p>\n\n\n\n<p>\u2013 Foi a primeira vez que se ouviu falar, no Brasil, em previd\u00eancia, ou seja, em uma ajuda do governo, que tamb\u00e9m era custeado pelos pr\u00f3prios empregados da \u00e9poca, para que eles tivessem essa reserva financeira para situa\u00e7\u00f5es ao longo da vida, se precisasse se afastar do trabalho ou n\u00e3o pudesse continuar trabalhando, ou estivesse com idade avan\u00e7ada entre outros motivos. Esse dia virou um marco na hist\u00f3ria da previd\u00eancia porque foi o in\u00edcio dessa margem de ajuda, bem como se transferiu para as outras categorias posteriormente \u2013 disse.<\/p>\n\n\n\n<figure class=\"wp-block-image\"><img decoding=\"async\" data-src=\"https:\/\/paraibaonline.com.br\/wp-content\/uploads\/2019\/08\/inss1008.jpg\" alt=\"Foto: Reprodu\u00e7\u00e3o\" class=\"wp-image-757341 lazyload\" src=\"data:image\/svg+xml;base64,PHN2ZyB3aWR0aD0iMSIgaGVpZ2h0PSIxIiB4bWxucz0iaHR0cDovL3d3dy53My5vcmcvMjAwMC9zdmciPjwvc3ZnPg==\" \/><\/figure>\n\n\n\n<p>Foto: Reprodu\u00e7\u00e3o<\/p>\n\n\n\n<p>Ela ressaltou que, ap\u00f3s a Constitui\u00e7\u00e3o de 88 a previd\u00eancia \u00e9 tratada no Brasil como um ramo da seguridade social, como sa\u00fade, assist\u00eancia e previd\u00eancia, sendo que para o cidad\u00e3o brasileiro usufruir dos dois primeiros n\u00e3o precisa contribui\u00e7\u00e3o direta e pr\u00e9via, diferentemente do que ocorre com o terceiro.<\/p>\n\n\n\n<p>\u2013 Hoje para se receber qualquer benef\u00edcio da Previd\u00eancia Social, voc\u00ea tem que ter contribu\u00eddo anteriormente. Essa contribui\u00e7\u00e3o vem do exerc\u00edcio de uma atividade remunerada, seja como empregado ou aut\u00f4nomo. Hoje temos cinco categorias de contribuintes e atrav\u00e9s da contribui\u00e7\u00e3o se recebe, em uma necessidade, desde que preencha os requisitos, algum benef\u00edcio previdenci\u00e1rio, que surge para cobrir algum risco social, como licen\u00e7a-maternidade, aposentadoria por invalidez, por idade, aux\u00edlio-doen\u00e7a, entre outros \u2013 ressaltou.<\/p>\n\n\n\n<p>A advogada disse que ap\u00f3s a reforma da Previd\u00eancia, a popula\u00e7\u00e3o conta com novos benef\u00edcios previdenci\u00e1rios, como a inser\u00e7\u00e3o da aposentadoria por tempo de contribui\u00e7\u00e3o. Ela explicou que para se aposentar por idade \u00e9 necess\u00e1rio ter a idade limite e o tempo de contribui\u00e7\u00e3o.<\/p>\n\n\n\n<p>\u2013 A nossa Previd\u00eancia vem sofrendo mudan\u00e7as, que visam uma preserva\u00e7\u00e3o atuarial desse sistema, atrav\u00e9s de uma an\u00e1lise de ado\u00e7\u00e3o de regras que sejam mais equ\u00e2nimes e eficazes. Vimos passando por um momento dif\u00edcil de adapta\u00e7\u00e3o da popula\u00e7\u00e3o e do pr\u00f3prio sistema do INSS \u2013 disse.<\/p>\n\n\n\n<p>Na opini\u00e3o de Renata, a Previd\u00eancia Social do Brasil vem passando por uma situa\u00e7\u00e3o de desequil\u00edbrio h\u00e1 muito tempo, e, para contornar isso, seria necess\u00e1rio a reforma, por\u00e9m n\u00e3o deveria ter sido da forma que ocorreu.<\/p>\n","protected":false},"excerpt":{"rendered":"<p>E comemorado neste dia 24 de janeiro o Dia da Previd\u00eancia Social e o Dia Nacional do Aposentado. Em entrevista \u00e0 R\u00e1dio Campina FM, a&hellip; <\/p>\n","protected":false},"author":1,"featured_media":148934,"comment_status":"closed","ping_status":"closed","sticky":false,"template":"","format":"standard","meta":{"sfsi_plus_gutenberg_text_before_share":"","sfsi_plus_gutenberg_show_text_before_share":"","sfsi_plus_gutenberg_icon_type":"","sfsi_plus_gutenberg_icon_alignemt":"","sfsi_plus_gutenburg_max_per_row":"","footnotes":""},"categories":[2],"tags":[],"class_list":["post-148932","post","type-post","status-publish","format-standard","has-post-thumbnail","hentry","category-geral"],"_links":{"self":[{"href":"https:\/\/www.caririemacao.com\/1\/wp-json\/wp\/v2\/posts\/148932","targetHints":{"allow":["GET"]}}],"collection":[{"href":"https:\/\/www.caririemacao.com\/1\/wp-json\/wp\/v2\/posts"}],"about":[{"href":"https:\/\/www.caririemacao.com\/1\/wp-json\/wp\/v2\/types\/post"}],"author":[{"embeddable":true,"href":"https:\/\/www.caririemacao.com\/1\/wp-json\/wp\/v2\/users\/1"}],"replies":[{"embeddable":true,"href":"https:\/\/www.caririemacao.com\/1\/wp-json\/wp\/v2\/comments?post=148932"}],"version-history":[{"count":1,"href":"https:\/\/www.caririemacao.com\/1\/wp-json\/wp\/v2\/posts\/148932\/revisions"}],"predecessor-version":[{"id":148935,"href":"https:\/\/www.caririemacao.com\/1\/wp-json\/wp\/v2\/posts\/148932\/revisions\/148935"}],"wp:featuredmedia":[{"embeddable":true,"href":"https:\/\/www.caririemacao.com\/1\/wp-json\/wp\/v2\/media\/148934"}],"wp:attachment":[{"href":"https:\/\/www.caririemacao.com\/1\/wp-json\/wp\/v2\/media?parent=148932"}],"wp:term":[{"taxonomy":"category","embeddable":true,"href":"https:\/\/www.caririemacao.com\/1\/wp-json\/wp\/v2\/categories?post=148932"},{"taxonomy":"post_tag","embeddable":true,"href":"https:\/\/www.caririemacao.com\/1\/wp-json\/wp\/v2\/tags?post=148932"}],"curies":[{"name":"wp","href":"https:\/\/api.w.org\/{rel}","templated":true}]}}