{"id":148937,"date":"2020-01-24T13:29:21","date_gmt":"2020-01-24T16:29:21","guid":{"rendered":"http:\/\/www.caririemacao.com\/1\/?p=148937"},"modified":"2020-01-24T13:29:23","modified_gmt":"2020-01-24T16:29:23","slug":"novo-portal-do-sisu-deve-gerar-economia-de-r-25-milhoes-em-cinco-anos","status":"publish","type":"post","link":"https:\/\/www.caririemacao.com\/1\/2020\/01\/24\/novo-portal-do-sisu-deve-gerar-economia-de-r-25-milhoes-em-cinco-anos\/","title":{"rendered":"Novo portal do Sisu deve gerar economia de R$ 25 milh\u00f5es em cinco anos"},"content":{"rendered":"\n<p>O novo portal do Sistema de Sele\u00e7\u00e3o Unificada (Sisu) deve gerar uma economia de at\u00e9 R$ 25 milh\u00f5es para o governo federal nos pr\u00f3ximos cinco anos. A avalia\u00e7\u00e3o \u00e9 do ministro da Educa\u00e7\u00e3o, Abraham Weintraub, para quem a iniciativa tamb\u00e9m vai auxiliar na realiza\u00e7\u00e3o da vers\u00e3o digital do Exame Nacional do Ensino M\u00e9dio (Enem).<\/p>\n\n\n\n<p>A aplica\u00e7\u00e3o do exame ser\u00e1 opcional, e a estimativa inicial \u00e9 de 50 mil participantes, podendo chegar a&nbsp;100 mil.<\/p>\n\n\n\n<p>Lan\u00e7ado na \u00faltima segunda-feira (21), o novo portal tem um sistema responsivo que concentra as informa\u00e7\u00f5es na nuvem, tecnologia que possibilita acessar arquivos e executar diferentes tarefas pela internet, sem a necessidade de instalar aplicativos no computador.<\/p>\n\n\n\n<p>\u201cMigrar para a nuvem \u00e9 fundamental, ainda mais com o objetivo de fazer o Enem digital no futuro\u201d, disse o ministro, em entrevista exibida hoje (24) pela&nbsp;<strong>TV Brasil<\/strong>.<\/p>\n\n\n\n<p>\u201cNo ano passado, gastamos R$ 2,5 milh\u00f5es [com o sistema] e neste ano vamos deixar de gastar R$ 15 milh\u00f5es. Nos pr\u00f3ximos cinco anos, vamos economizar R$ 25 milh\u00f5es. Ent\u00e3o, \u00e9 uma economia muito expressiva, uma economia de R$ 2 milh\u00f5es, R$ 3 milh\u00f5es. j\u00e1 \u00e9 uma escola a mais, uma creche a mais\u201d, acrescentou.<\/p>\n\n\n\n<p>O novo portal permite acessar o Sisu pelo computador, celular ou&nbsp;<em>tablet<\/em>&nbsp;e gerar relat\u00f3rio diretamente da p\u00e1gina.<\/p>\n\n\n\n<p>De acordo com o ministro, a medida possibilitou atender \u00e0 demanda de inscri\u00e7\u00e3o. \u201cFoi uma decis\u00e3o acertada, pois a demanda do Sisu, neste ano, foi muito acima do no ano passada. O recorde por minuto de acessos era de 3,5 mil&nbsp;e, neste ano, foi para 7&nbsp;mil acessos\u201d, afirmou.<\/p>\n\n\n\n<p>Weintraub falou ainda sobre a lentid\u00e3o apresentada pelo sistema na ter\u00e7a-feira (21), quando come\u00e7ou o per\u00edodo de inscri\u00e7\u00f5es. De acordo com o ministro, a instabilidade ocorreu devido ao grande n\u00famero de acessos em um curto espa\u00e7o de tempo.<\/p>\n\n\n\n<p>\u201cAs pessoas t\u00eam a semana toda para acessar o sistema, mas todo mundo quer acessar o sistema no primeiro minuto, no primeiro momento. Com essa tecnologia nova, h\u00e1 muita resposta via acesso de celular, mobile e, com isso, as pessoas est\u00e3o usando mais o celular, o que demanda mais capacidade. O sistema teve um ajuste, gerou uma certa lentid\u00e3o no primeiro dia, mas ningu\u00e9m saiu prejudicado\u201d, disse Weintraub.<\/p>\n\n\n\n<p>Ap\u00f3s o problema, o Minist\u00e9rio da Educa\u00e7\u00e3o decidiu prorrogar as inscri\u00e7\u00f5es no Sisu at\u00e9 as 23h59 de domingo (26), dois dias a mais do que o estipulado no edital.<\/p>\n\n\n\n<p>Balan\u00e7o divulgado na manh\u00e3 de ontem (23) pela pasta mostra que 2.772.054 j\u00e1 haviam sido realizadas.<\/p>\n\n\n\n<p>\u201cA gente est\u00e1 migrando cada vez mais para as mesmas abordagens que s\u00e3o feitas na iniciativa privada. \u00c9 nuvem, s\u00e3o processos mais modernos. O objetivo \u00e9 atender bem ao usu\u00e1rio, sabendo que, na iniciativa privada, quando h\u00e1 um pico de demanda como esse, tamb\u00e9m acontecem gargalos. Com a nuvem, conseguimos reagir rapidamente&#8221;, afirmou.<\/p>\n","protected":false},"excerpt":{"rendered":"<p>O novo portal do Sistema de Sele\u00e7\u00e3o Unificada (Sisu) deve gerar uma economia de at\u00e9 R$ 25 milh\u00f5es para o governo federal nos pr\u00f3ximos cinco&hellip; <\/p>\n","protected":false},"author":1,"featured_media":127246,"comment_status":"closed","ping_status":"closed","sticky":false,"template":"","format":"standard","meta":{"sfsi_plus_gutenberg_text_before_share":"","sfsi_plus_gutenberg_show_text_before_share":"","sfsi_plus_gutenberg_icon_type":"","sfsi_plus_gutenberg_icon_alignemt":"","sfsi_plus_gutenburg_max_per_row":"","footnotes":""},"categories":[14],"tags":[],"class_list":["post-148937","post","type-post","status-publish","format-standard","has-post-thumbnail","hentry","category-educacao"],"_links":{"self":[{"href":"https:\/\/www.caririemacao.com\/1\/wp-json\/wp\/v2\/posts\/148937","targetHints":{"allow":["GET"]}}],"collection":[{"href":"https:\/\/www.caririemacao.com\/1\/wp-json\/wp\/v2\/posts"}],"about":[{"href":"https:\/\/www.caririemacao.com\/1\/wp-json\/wp\/v2\/types\/post"}],"author":[{"embeddable":true,"href":"https:\/\/www.caririemacao.com\/1\/wp-json\/wp\/v2\/users\/1"}],"replies":[{"embeddable":true,"href":"https:\/\/www.caririemacao.com\/1\/wp-json\/wp\/v2\/comments?post=148937"}],"version-history":[{"count":1,"href":"https:\/\/www.caririemacao.com\/1\/wp-json\/wp\/v2\/posts\/148937\/revisions"}],"predecessor-version":[{"id":148938,"href":"https:\/\/www.caririemacao.com\/1\/wp-json\/wp\/v2\/posts\/148937\/revisions\/148938"}],"wp:featuredmedia":[{"embeddable":true,"href":"https:\/\/www.caririemacao.com\/1\/wp-json\/wp\/v2\/media\/127246"}],"wp:attachment":[{"href":"https:\/\/www.caririemacao.com\/1\/wp-json\/wp\/v2\/media?parent=148937"}],"wp:term":[{"taxonomy":"category","embeddable":true,"href":"https:\/\/www.caririemacao.com\/1\/wp-json\/wp\/v2\/categories?post=148937"},{"taxonomy":"post_tag","embeddable":true,"href":"https:\/\/www.caririemacao.com\/1\/wp-json\/wp\/v2\/tags?post=148937"}],"curies":[{"name":"wp","href":"https:\/\/api.w.org\/{rel}","templated":true}]}}