{"id":148941,"date":"2020-01-24T13:31:46","date_gmt":"2020-01-24T16:31:46","guid":{"rendered":"http:\/\/www.caririemacao.com\/1\/?p=148941"},"modified":"2020-01-24T13:31:47","modified_gmt":"2020-01-24T16:31:47","slug":"pb-e-primeiro-estado-a-emitir-carteira-de-identificacao-para-pessoa-com-autismo","status":"publish","type":"post","link":"https:\/\/www.caririemacao.com\/1\/2020\/01\/24\/pb-e-primeiro-estado-a-emitir-carteira-de-identificacao-para-pessoa-com-autismo\/","title":{"rendered":"PB \u00e9 primeiro Estado a emitir carteira de identifica\u00e7\u00e3o para pessoa com Autismo"},"content":{"rendered":"\n<p>A Para\u00edba \u00e9 o primeiro Estado a respeitar a Lei 13.977\/20, que instituiu a Carteira de Identifica\u00e7\u00e3o da Pessoa com Autismo. O servi\u00e7o \u00e9 prestado pela Funda\u00e7\u00e3o Centro Integrado de Apoio ao Portador com Defici\u00eancia (Funad) e funciona no Centro de Atendimento \u00e0 Pessoa com Defici\u00eancia (CAD), nos dois turnos.<br>\u00a0<br>A institui\u00e7\u00e3o j\u00e1 faz emiss\u00e3o da carteira de passe livre para pessoas com defici\u00eancia, mas o modelo agora \u00e9 espec\u00edfico, com informa\u00e7\u00f5es ampliadas e destinado \u00e0 pessoa com transtorno do espectro autista (TEA). A Funad \u00e9 refer\u00eancia no atendimento \u00e0 pessoa autista na Para\u00edba e o Governo do Estado tem ampliado as a\u00e7\u00f5es de assist\u00eancia aos usu\u00e1rios com esse transtorno.<br>\u00a0<br>O documento de identifica\u00e7\u00e3o \u00e9 emitido na hora da solicita\u00e7\u00e3o e \u00e9 gratuito. Segundo a presidente da Funad, Simone Jord\u00e3o, o servi\u00e7o visa simplificar o acesso das pessoas com transtorno do espectro autista nos diversos servi\u00e7os e garantir a inclus\u00e3o delas em todos os setores da sociedade. \u201cAl\u00e9m de prestar assist\u00eancia na Funad, o Governo do Estado quer garantir que a vida da pessoa autista seja plena e digna, sem entraves, garantindo, de fato, a inclus\u00e3o e respeito\u201d, completou.<br>\u00a0<br>Com a nova carteira, o Governo da Para\u00edba assegura \u00e0s pessoas com TEA, aten\u00e7\u00e3o integral, pronto atendimento e prioridade no acesso aos servi\u00e7os p\u00fablicos e privados, em especial nas \u00e1reas de sa\u00fade, educa\u00e7\u00e3o e assist\u00eancia social. Para ter acesso, as fam\u00edlias devem apresentar o laudo do SUS com a identifica\u00e7\u00e3o do c\u00f3digo da Classifica\u00e7\u00e3o Estat\u00edstica Internacional de Doen\u00e7as e Problemas Relacionados \u00e0 Sa\u00fade (CID), al\u00e9m de foto 3\u00d74;\u00a0 RG; CPF; comprovante de resid\u00eancia; tipo sangu\u00edneo e cart\u00e3o do SUS. \u00c9 exigido tamb\u00e9m o nome completo, documentos de identifica\u00e7\u00e3o, endere\u00e7o, telefone e e-mail da pessoa respons\u00e1vel.<\/p>\n","protected":false},"excerpt":{"rendered":"<p>A Para\u00edba \u00e9 o primeiro Estado a respeitar a Lei 13.977\/20, que instituiu a Carteira de Identifica\u00e7\u00e3o da Pessoa com Autismo. O servi\u00e7o \u00e9 prestado&hellip; <\/p>\n","protected":false},"author":1,"featured_media":148945,"comment_status":"closed","ping_status":"closed","sticky":false,"template":"","format":"standard","meta":{"sfsi_plus_gutenberg_text_before_share":"","sfsi_plus_gutenberg_show_text_before_share":"","sfsi_plus_gutenberg_icon_type":"","sfsi_plus_gutenberg_icon_alignemt":"","sfsi_plus_gutenburg_max_per_row":"","footnotes":""},"categories":[2],"tags":[],"class_list":["post-148941","post","type-post","status-publish","format-standard","has-post-thumbnail","hentry","category-geral"],"_links":{"self":[{"href":"https:\/\/www.caririemacao.com\/1\/wp-json\/wp\/v2\/posts\/148941","targetHints":{"allow":["GET"]}}],"collection":[{"href":"https:\/\/www.caririemacao.com\/1\/wp-json\/wp\/v2\/posts"}],"about":[{"href":"https:\/\/www.caririemacao.com\/1\/wp-json\/wp\/v2\/types\/post"}],"author":[{"embeddable":true,"href":"https:\/\/www.caririemacao.com\/1\/wp-json\/wp\/v2\/users\/1"}],"replies":[{"embeddable":true,"href":"https:\/\/www.caririemacao.com\/1\/wp-json\/wp\/v2\/comments?post=148941"}],"version-history":[{"count":1,"href":"https:\/\/www.caririemacao.com\/1\/wp-json\/wp\/v2\/posts\/148941\/revisions"}],"predecessor-version":[{"id":148946,"href":"https:\/\/www.caririemacao.com\/1\/wp-json\/wp\/v2\/posts\/148941\/revisions\/148946"}],"wp:featuredmedia":[{"embeddable":true,"href":"https:\/\/www.caririemacao.com\/1\/wp-json\/wp\/v2\/media\/148945"}],"wp:attachment":[{"href":"https:\/\/www.caririemacao.com\/1\/wp-json\/wp\/v2\/media?parent=148941"}],"wp:term":[{"taxonomy":"category","embeddable":true,"href":"https:\/\/www.caririemacao.com\/1\/wp-json\/wp\/v2\/categories?post=148941"},{"taxonomy":"post_tag","embeddable":true,"href":"https:\/\/www.caririemacao.com\/1\/wp-json\/wp\/v2\/tags?post=148941"}],"curies":[{"name":"wp","href":"https:\/\/api.w.org\/{rel}","templated":true}]}}