{"id":148960,"date":"2020-01-24T13:35:41","date_gmt":"2020-01-24T16:35:41","guid":{"rendered":"http:\/\/www.caririemacao.com\/1\/?p=148960"},"modified":"2020-01-24T13:35:42","modified_gmt":"2020-01-24T16:35:42","slug":"moro-consegue-mais-de-meio-milhao-de-seguidores-no-instagram-em-apenas-24-horas","status":"publish","type":"post","link":"https:\/\/www.caririemacao.com\/1\/2020\/01\/24\/moro-consegue-mais-de-meio-milhao-de-seguidores-no-instagram-em-apenas-24-horas\/","title":{"rendered":"Moro consegue mais de meio milh\u00e3o de seguidores no Instagram em apenas 24 horas"},"content":{"rendered":"\n<p>O ministro da Justi\u00e7a e Seguran\u00e7a P\u00fablica S\u00e9rgio Moro j\u00e1 conta com 580 mil seguidores em sua conta no Instagram, criada h\u00e1 apenas 24 horas. A conta, que s\u00f3 tem duas publica\u00e7\u00f5es, foi&nbsp;<a href=\"https:\/\/www.clickpb.com.br\/brasil\/moro-usa-calendario-de-novo-para-provar-que-conta-no-instagram-nao-e-fake-276478.html\">criada pelo ministro nesta quinta-feira<\/a>&nbsp;(23), segundo ele, a pedido da esposa.&nbsp;<\/p>\n\n\n\n<p>Em sua primeira postagem, um v\u00eddeo, Moro aparece segurando um calend\u00e1rio marcado no dia 23 de janeiro. Ele j\u00e1 havia feito a mesma coisa quando entrou no Twitter, em abril de 2019.<\/p>\n\n\n\n<p>A segunda postagem do ministro traz o t\u00edtulo de uma manchete do G1 &#8220;Brasil repete pior nota em 2019 e cai em ranking de corrup\u00e7\u00e3o&#8221;.&nbsp;<\/p>\n\n\n\n<p>Na legenda, o ministro comentou a not\u00edcia e falou de retomar a condena\u00e7\u00e3o em segunda inst\u00e2ncia: &#8220;Indicadores da Transpar\u00eancia Internacional mostram como \u00e9 dif\u00edcil mudar a percep\u00e7\u00e3o sobre a corrup\u00e7\u00e3o. Nota no Brasil n\u00e3o melhorou nos \u00faltimos anos, apesar dos avan\u00e7os da Lava Jato e de 2019. Isso significa que precisamos fazer muito mais, inclusive no Congresso. Combater a corrup\u00e7\u00e3o \u00e9 agenda de Pa\u00eds, n\u00e3o s\u00f3 de Governo. Um primeiro passo fundamental \u00e9 retomar a execu\u00e7\u00e3o da condena\u00e7\u00e3o em segunda inst\u00e2ncia por emenda constitucional ou por lei ou por ambos.S\u00f3 assim condenados por corrup\u00e7\u00e3o podem ser, na pr\u00e1tica, punidos&#8221;.<\/p>\n","protected":false},"excerpt":{"rendered":"<p>O ministro da Justi\u00e7a e Seguran\u00e7a P\u00fablica S\u00e9rgio Moro j\u00e1 conta com 580 mil seguidores em sua conta no Instagram, criada h\u00e1 apenas 24 horas.&hellip; <\/p>\n","protected":false},"author":1,"featured_media":106330,"comment_status":"closed","ping_status":"closed","sticky":false,"template":"","format":"standard","meta":{"sfsi_plus_gutenberg_text_before_share":"","sfsi_plus_gutenberg_show_text_before_share":"","sfsi_plus_gutenberg_icon_type":"","sfsi_plus_gutenberg_icon_alignemt":"","sfsi_plus_gutenburg_max_per_row":"","footnotes":""},"categories":[11],"tags":[],"class_list":["post-148960","post","type-post","status-publish","format-standard","has-post-thumbnail","hentry","category-politica"],"_links":{"self":[{"href":"https:\/\/www.caririemacao.com\/1\/wp-json\/wp\/v2\/posts\/148960","targetHints":{"allow":["GET"]}}],"collection":[{"href":"https:\/\/www.caririemacao.com\/1\/wp-json\/wp\/v2\/posts"}],"about":[{"href":"https:\/\/www.caririemacao.com\/1\/wp-json\/wp\/v2\/types\/post"}],"author":[{"embeddable":true,"href":"https:\/\/www.caririemacao.com\/1\/wp-json\/wp\/v2\/users\/1"}],"replies":[{"embeddable":true,"href":"https:\/\/www.caririemacao.com\/1\/wp-json\/wp\/v2\/comments?post=148960"}],"version-history":[{"count":1,"href":"https:\/\/www.caririemacao.com\/1\/wp-json\/wp\/v2\/posts\/148960\/revisions"}],"predecessor-version":[{"id":148962,"href":"https:\/\/www.caririemacao.com\/1\/wp-json\/wp\/v2\/posts\/148960\/revisions\/148962"}],"wp:featuredmedia":[{"embeddable":true,"href":"https:\/\/www.caririemacao.com\/1\/wp-json\/wp\/v2\/media\/106330"}],"wp:attachment":[{"href":"https:\/\/www.caririemacao.com\/1\/wp-json\/wp\/v2\/media?parent=148960"}],"wp:term":[{"taxonomy":"category","embeddable":true,"href":"https:\/\/www.caririemacao.com\/1\/wp-json\/wp\/v2\/categories?post=148960"},{"taxonomy":"post_tag","embeddable":true,"href":"https:\/\/www.caririemacao.com\/1\/wp-json\/wp\/v2\/tags?post=148960"}],"curies":[{"name":"wp","href":"https:\/\/api.w.org\/{rel}","templated":true}]}}