{"id":148975,"date":"2020-01-25T07:00:00","date_gmt":"2020-01-25T10:00:00","guid":{"rendered":"http:\/\/www.caririemacao.com\/1\/?p=148975"},"modified":"2020-01-24T22:38:26","modified_gmt":"2020-01-25T01:38:26","slug":"presidente-do-tce-pb-manda-desarquivar-e-revisar-todas-as-decisoes-dos-processos-da-calvario","status":"publish","type":"post","link":"https:\/\/www.caririemacao.com\/1\/2020\/01\/25\/presidente-do-tce-pb-manda-desarquivar-e-revisar-todas-as-decisoes-dos-processos-da-calvario\/","title":{"rendered":"Presidente do TCE-PB manda desarquivar e revisar todas as decis\u00f5es dos processos da Calv\u00e1rio"},"content":{"rendered":"\n<p><br>O presidente do Tribunal de Contas do Estado da Para\u00edba (TCE-PB), conselheiro Arn\u00f3bio Viana, determinou o desarquivamento e revis\u00e3o de todas as decis\u00f5es tomadas em rela\u00e7\u00e3o a processos da Calv\u00e1rio no tribunal.<\/p>\n\n\n\n<p>A resolu\u00e7\u00e3o est\u00e1 publicada na edi\u00e7\u00e3o da pr\u00f3xima segunda-feira (27) do&nbsp;<a href=\"https:\/\/www.clickpb.com.br\/media\/filer_public\/04\/e5\/04e5d501-4bac-43ec-a828-fe14f6fb6238\/doe_tcepb_2372_27_01_2020.pdf\">Di\u00e1rio Oficial do TCE-PB<\/a>.<\/p>\n\n\n\n<p>De acordo com a decis\u00e3o, foi considerado o impacto dos fatos criminais agora revelados, e a necessidade de efetuar a verifica\u00e7\u00e3o das delibera\u00e7\u00f5es proferidas.<\/p>\n\n\n\n<p>As solicita\u00e7\u00f5es ser\u00e3o apresentadas diretamente ao Gabinete da Presid\u00eancia, que encaminhar\u00e1 \u00e0s autoridades que detenham as informa\u00e7\u00f5es demandadas.<br><\/p>\n\n\n\n<p>Confira abaixo:<\/p>\n\n\n\n<figure class=\"wp-block-image\"><img decoding=\"async\" src=\"https:\/\/www.clickpb.com.br\/media\/filer_public\/10\/52\/10524598-0fea-4c8e-a82d-53cf17eb4acc\/blob\" alt=\"\"\/><\/figure>\n\n\n\n<figure class=\"wp-block-image\"><img decoding=\"async\" src=\"https:\/\/www.clickpb.com.br\/media\/filer_public\/15\/cb\/15cb3d4f-958b-460d-8452-521ff912440b\/blob\" alt=\"\"\/><\/figure>\n","protected":false},"excerpt":{"rendered":"<p>O presidente do Tribunal de Contas do Estado da Para\u00edba (TCE-PB), conselheiro Arn\u00f3bio Viana, determinou o desarquivamento e revis\u00e3o de todas as decis\u00f5es tomadas em&hellip; <\/p>\n","protected":false},"author":1,"featured_media":148976,"comment_status":"closed","ping_status":"closed","sticky":false,"template":"","format":"standard","meta":{"sfsi_plus_gutenberg_text_before_share":"","sfsi_plus_gutenberg_show_text_before_share":"","sfsi_plus_gutenberg_icon_type":"","sfsi_plus_gutenberg_icon_alignemt":"","sfsi_plus_gutenburg_max_per_row":"","footnotes":""},"categories":[11],"tags":[],"class_list":["post-148975","post","type-post","status-publish","format-standard","has-post-thumbnail","hentry","category-politica"],"_links":{"self":[{"href":"https:\/\/www.caririemacao.com\/1\/wp-json\/wp\/v2\/posts\/148975","targetHints":{"allow":["GET"]}}],"collection":[{"href":"https:\/\/www.caririemacao.com\/1\/wp-json\/wp\/v2\/posts"}],"about":[{"href":"https:\/\/www.caririemacao.com\/1\/wp-json\/wp\/v2\/types\/post"}],"author":[{"embeddable":true,"href":"https:\/\/www.caririemacao.com\/1\/wp-json\/wp\/v2\/users\/1"}],"replies":[{"embeddable":true,"href":"https:\/\/www.caririemacao.com\/1\/wp-json\/wp\/v2\/comments?post=148975"}],"version-history":[{"count":1,"href":"https:\/\/www.caririemacao.com\/1\/wp-json\/wp\/v2\/posts\/148975\/revisions"}],"predecessor-version":[{"id":148977,"href":"https:\/\/www.caririemacao.com\/1\/wp-json\/wp\/v2\/posts\/148975\/revisions\/148977"}],"wp:featuredmedia":[{"embeddable":true,"href":"https:\/\/www.caririemacao.com\/1\/wp-json\/wp\/v2\/media\/148976"}],"wp:attachment":[{"href":"https:\/\/www.caririemacao.com\/1\/wp-json\/wp\/v2\/media?parent=148975"}],"wp:term":[{"taxonomy":"category","embeddable":true,"href":"https:\/\/www.caririemacao.com\/1\/wp-json\/wp\/v2\/categories?post=148975"},{"taxonomy":"post_tag","embeddable":true,"href":"https:\/\/www.caririemacao.com\/1\/wp-json\/wp\/v2\/tags?post=148975"}],"curies":[{"name":"wp","href":"https:\/\/api.w.org\/{rel}","templated":true}]}}