{"id":148992,"date":"2020-01-25T07:03:00","date_gmt":"2020-01-25T10:03:00","guid":{"rendered":"http:\/\/www.caririemacao.com\/1\/?p=148992"},"modified":"2020-01-24T22:43:44","modified_gmt":"2020-01-25T01:43:44","slug":"governador-escolhera-novo-partido-e-anuncio-da-decisao-acontece-bem-antes-de-marco","status":"publish","type":"post","link":"https:\/\/www.caririemacao.com\/1\/2020\/01\/25\/governador-escolhera-novo-partido-e-anuncio-da-decisao-acontece-bem-antes-de-marco\/","title":{"rendered":"Governador escolher\u00e1 novo partido e an\u00fancio da decis\u00e3o acontece &#8220;bem antes de mar\u00e7o&#8221;"},"content":{"rendered":"\n<p>Sem partido desde dezembro do ano passado, o&nbsp;governador Jo\u00e3o Azev\u00eado disse, na tarde desta sexta-feira (24), que define nos pr\u00f3ximos quinze dias a escolha do seu novo partido. O coment\u00e1rio foi feito durante&nbsp;entrevista ao programa Correio Debate.&nbsp;O gestor&nbsp;evitou comentar sobre os nomes do&nbsp;grupo pol\u00edtico ao qual ingressar\u00e1. \u201cNa hora certa ser\u00e1 anunciado. Ainda n\u00e3o h\u00e1 discuss\u00e3o\u201d.<br><\/p>\n\n\n\n<p>\u201cTomarei essa decis\u00e3o bem antes de mar\u00e7o, nos pr\u00f3ximos quinze dias. Para esse partido n\u00f3s iremos convidar os amigos e parceiros que ajudaram a construir 2018\u201d, afirmou em entrevista \u00e0 r\u00e1dio Correio FM.<\/p>\n\n\n\n<p>A sa\u00edda de Jo\u00e3o se deu ap\u00f3s uma confus\u00e3o no diret\u00f3rio do PSB, quando&nbsp;a nacional interferiu na escolha dos dirigentes da agremia\u00e7\u00e3o gerando um desconforto dentro do pr\u00f3prio partido. Ap\u00f3s os desintentimentos e o raxa com o socialista e ex-governador Ricardo Coutinho ele decidiu deixar o partido.<\/p>\n","protected":false},"excerpt":{"rendered":"<p>Sem partido desde dezembro do ano passado, o&nbsp;governador Jo\u00e3o Azev\u00eado disse, na tarde desta sexta-feira (24), que define nos pr\u00f3ximos quinze dias a escolha do&hellip; <\/p>\n","protected":false},"author":1,"featured_media":148115,"comment_status":"closed","ping_status":"closed","sticky":false,"template":"","format":"standard","meta":{"sfsi_plus_gutenberg_text_before_share":"","sfsi_plus_gutenberg_show_text_before_share":"","sfsi_plus_gutenberg_icon_type":"","sfsi_plus_gutenberg_icon_alignemt":"","sfsi_plus_gutenburg_max_per_row":"","footnotes":""},"categories":[50,11],"tags":[],"class_list":["post-148992","post","type-post","status-publish","format-standard","has-post-thumbnail","hentry","category-destaque","category-politica"],"_links":{"self":[{"href":"https:\/\/www.caririemacao.com\/1\/wp-json\/wp\/v2\/posts\/148992","targetHints":{"allow":["GET"]}}],"collection":[{"href":"https:\/\/www.caririemacao.com\/1\/wp-json\/wp\/v2\/posts"}],"about":[{"href":"https:\/\/www.caririemacao.com\/1\/wp-json\/wp\/v2\/types\/post"}],"author":[{"embeddable":true,"href":"https:\/\/www.caririemacao.com\/1\/wp-json\/wp\/v2\/users\/1"}],"replies":[{"embeddable":true,"href":"https:\/\/www.caririemacao.com\/1\/wp-json\/wp\/v2\/comments?post=148992"}],"version-history":[{"count":1,"href":"https:\/\/www.caririemacao.com\/1\/wp-json\/wp\/v2\/posts\/148992\/revisions"}],"predecessor-version":[{"id":148993,"href":"https:\/\/www.caririemacao.com\/1\/wp-json\/wp\/v2\/posts\/148992\/revisions\/148993"}],"wp:featuredmedia":[{"embeddable":true,"href":"https:\/\/www.caririemacao.com\/1\/wp-json\/wp\/v2\/media\/148115"}],"wp:attachment":[{"href":"https:\/\/www.caririemacao.com\/1\/wp-json\/wp\/v2\/media?parent=148992"}],"wp:term":[{"taxonomy":"category","embeddable":true,"href":"https:\/\/www.caririemacao.com\/1\/wp-json\/wp\/v2\/categories?post=148992"},{"taxonomy":"post_tag","embeddable":true,"href":"https:\/\/www.caririemacao.com\/1\/wp-json\/wp\/v2\/tags?post=148992"}],"curies":[{"name":"wp","href":"https:\/\/api.w.org\/{rel}","templated":true}]}}