{"id":148996,"date":"2020-01-25T07:05:00","date_gmt":"2020-01-25T10:05:00","guid":{"rendered":"http:\/\/www.caririemacao.com\/1\/?p=148996"},"modified":"2020-01-24T22:47:00","modified_gmt":"2020-01-25T01:47:00","slug":"paraibano-novo-presidente-da-capes-defende-debate-de-criacionismo-como-contraponto-a-teoria-da-evolucao","status":"publish","type":"post","link":"https:\/\/www.caririemacao.com\/1\/2020\/01\/25\/paraibano-novo-presidente-da-capes-defende-debate-de-criacionismo-como-contraponto-a-teoria-da-evolucao\/","title":{"rendered":"Paraibano, novo presidente da Capes, defende debate de criacionismo como contraponto \u00e0 teoria da evolu\u00e7\u00e3o"},"content":{"rendered":"\n<p>O reitor da Universidade Presbiteriana Mackenzie, Benedito Guimar\u00e3es Aguiar Neto, foi nomeado nesta sexta-feira presidente da Coordena\u00e7\u00e3o de Aperfei\u00e7oamento de Pessoal de N\u00edvel Superior (Capes).<\/p>\n\n\n\n<p>Benedito \u00e9 um defensor da teoria do design&nbsp;inteligente, que defende as discuss\u00f5es sobre o criacionismo. Em uma palestra realizada em outubro do ano passado, quando ainda estava \u00e0 frente da Mackenzie, ele defendeu que a universidade amplie os estudos sobre a \u00e1rea.<\/p>\n\n\n\n<p>\u2014 Queremos colocar um contraponto \u00e0 teoria da evolu\u00e7\u00e3o e disseminar que a ideia da exist\u00eancia de um design inteligente pode estar presente a partir da educa\u00e7\u00e3o b\u00e1sica, de uma maneira que podemos, com argumentos cient\u00edficos, discutir o criacionismo \u2014 disse.<\/p>\n\n\n\n<p>O nome de Aguiar estava sendo cogitado desde dezembro, quando Anderson Ribeiro Correia deixou o posto para assumir a reitoria do Instituto Tecnol\u00f3gico da Aeron\u00e1utica (ITA). A exonera\u00e7\u00e3o do ex-presidente e a nomea\u00e7\u00e3o do novo foram publicadas no Di\u00e1rio Oficial da Uni\u00e3o desta sexta.<\/p>\n\n\n\n<p>&#8220;Benedito Aguiar ir\u00e1 liderar \u2014juntamente com o Conselho Superior da Capes e em constante di\u00e1logo com a comunidade acad\u00eamica \u2014 a coordena\u00e7\u00e3o, vinculada ao Minist\u00e9rio da Educa\u00e7\u00e3o (MEC) e respons\u00e1vel pela expans\u00e3o e consolida\u00e7\u00e3o da p\u00f3s-gradua\u00e7\u00e3o stricto sensu (mestrado e doutorado) no Brasil&#8221;, afirmou a Capes, em nota oficial.<\/p>\n\n\n\n<p>Aguiar tem gradua\u00e7\u00e3o e mestrado em engenharia el\u00e9trica pela Universidade Federal da Para\u00edba (UFPB), onde tamb\u00e9m foi diretor do Centro de Ci\u00eancias e Tecnologia, de 1997 a 2005.<\/p>\n\n\n\n<p>Fez doutorado na Alemanha, na Universidade T\u00e9cnica de Berlim, e p\u00f3s-doutorado na Universidade de Washington (EUA), como bolsista do Conselho Nacional de Desenvolvimento Cient\u00edfico e Tecnol\u00f3gico (CNPq).<\/p>\n\n\n\n<p>\u00c9 reitor da paulistana Mackenzie desde 2011 e tamb\u00e9m ocupou, entre 2016 e 2019, o posto de presidente do Conselho de Reitores das Universidades Brasileiras (Crub).<\/p>\n\n\n\n<p>Nesta fun\u00e7\u00e3o, foi recebido pelo presidente Jair Bolsonaro em mar\u00e7o do ano passado, quando apresentou propostas do conselho &#8220;para a supera\u00e7\u00f5es dos recorrentes problemas da educa\u00e7\u00e3o brasileira&#8221;.<\/p>\n\n\n\n<p>Durante a crise causada pelo contingenciamento das verbas da educa\u00e7\u00e3o, que levou a cortes de bolsas de p\u00f3s-gradua\u00e7\u00e3o da Capes e do CNPq, Bolsonaro citou a Mackenzie como exemplo de universidade que faz pesquisa no Brasil, em detrimento das p\u00fablicas.<\/p>\n\n\n\n<p>\u2014 Entre as 250 melhores universidades do mundo n\u00e3o tem nenhuma brasileira e voc\u00eas v\u00e3o me falar que estamos prejudicando pesquisa? Pesquisa at\u00e9 temos, na Mackenzie, no IME, ITA, em algumas poucas universidades. N\u00e3o temos nada no Brasil.<\/p>\n\n\n\n<p>O presidente j\u00e1 visitou o centro de pesquisas em grafeno da Mackenzie \u2014o material, uma das formas cristalinas do carbono, \u00e9 uma antiga obess\u00e3o de Bolsonaro\u2014, mas abortou um retorno ao local por temer protestos, como contou em caf\u00e9 da manh\u00e3 com jornalistas.<\/p>\n\n\n\n<p>\u2014 Fui l\u00e1 h\u00e1 uns dois anos e ia de novo, mas havia uns 30 jovens gritando racista, fascista, n\u00e3o passar\u00e3o. Ent\u00e3o, para evitar uma ovada&#8230;<\/p>\n\n\n\n<p><strong>Artigo contra cortes na Capes<\/strong><\/p>\n\n\n\n<p>Em 2018, Aguiar Neto publicou um artigo no site da Crub criticando poss\u00edveis cortes que o \u00f3rg\u00e3o estaria amea\u00e7ado de sofrer na gest\u00e3o de Michel Temer (MDB).<\/p>\n\n\n\n<p>&#8220;\u00c9 louv\u00e1vel o esfor\u00e7o no sentido de se reduzir o d\u00e9ficit fiscal da Uni\u00e3o, considerando que o problema \u00e9 uma das causas da grav\u00edssima crise econ\u00f4mica enfrentada pelo Brasil. Por\u00e9m, \u00e9 preciso que o corte or\u00e7ament\u00e1rio, se necess\u00e1rio, seja focado em \u00e1reas de custeio e atividades n\u00e3o priorit\u00e1rias, ou seja, jamais na educa\u00e7\u00e3o. Tirar dinheiro da ci\u00eancia, pesquisa e inova\u00e7\u00e3o conspira contra a meta de nos convertermos em economia de renda alta, que somente ser\u00e1 atingida com nosso definitivo ingresso na sociedade do conhecimento. Assim, a manuten\u00e7\u00e3o da dota\u00e7\u00e3o or\u00e7ament\u00e1ria da Capes \u00e9 um a decis\u00e3o l\u00facida e coerente com os nossos prop\u00f3sitos do desenvolvimento&#8221;, afirmou.<\/p>\n\n\n\n<p>O Minist\u00e9rio da Educa\u00e7\u00e3o tem a inten\u00e7\u00e3o de fundir a Capes com o CNPq, \u00f3rg\u00e3o de fomento \u00e0 pesquisa ligado ao Minist\u00e9rio da Ci\u00eancia e Tecnologia.<\/p>\n","protected":false},"excerpt":{"rendered":"<p>O reitor da Universidade Presbiteriana Mackenzie, Benedito Guimar\u00e3es Aguiar Neto, foi nomeado nesta sexta-feira presidente da Coordena\u00e7\u00e3o de Aperfei\u00e7oamento de Pessoal de N\u00edvel Superior (Capes).&hellip; <\/p>\n","protected":false},"author":1,"featured_media":148921,"comment_status":"closed","ping_status":"closed","sticky":false,"template":"","format":"standard","meta":{"sfsi_plus_gutenberg_text_before_share":"","sfsi_plus_gutenberg_show_text_before_share":"","sfsi_plus_gutenberg_icon_type":"","sfsi_plus_gutenberg_icon_alignemt":"","sfsi_plus_gutenburg_max_per_row":"","footnotes":""},"categories":[11],"tags":[],"class_list":["post-148996","post","type-post","status-publish","format-standard","has-post-thumbnail","hentry","category-politica"],"_links":{"self":[{"href":"https:\/\/www.caririemacao.com\/1\/wp-json\/wp\/v2\/posts\/148996","targetHints":{"allow":["GET"]}}],"collection":[{"href":"https:\/\/www.caririemacao.com\/1\/wp-json\/wp\/v2\/posts"}],"about":[{"href":"https:\/\/www.caririemacao.com\/1\/wp-json\/wp\/v2\/types\/post"}],"author":[{"embeddable":true,"href":"https:\/\/www.caririemacao.com\/1\/wp-json\/wp\/v2\/users\/1"}],"replies":[{"embeddable":true,"href":"https:\/\/www.caririemacao.com\/1\/wp-json\/wp\/v2\/comments?post=148996"}],"version-history":[{"count":1,"href":"https:\/\/www.caririemacao.com\/1\/wp-json\/wp\/v2\/posts\/148996\/revisions"}],"predecessor-version":[{"id":148997,"href":"https:\/\/www.caririemacao.com\/1\/wp-json\/wp\/v2\/posts\/148996\/revisions\/148997"}],"wp:featuredmedia":[{"embeddable":true,"href":"https:\/\/www.caririemacao.com\/1\/wp-json\/wp\/v2\/media\/148921"}],"wp:attachment":[{"href":"https:\/\/www.caririemacao.com\/1\/wp-json\/wp\/v2\/media?parent=148996"}],"wp:term":[{"taxonomy":"category","embeddable":true,"href":"https:\/\/www.caririemacao.com\/1\/wp-json\/wp\/v2\/categories?post=148996"},{"taxonomy":"post_tag","embeddable":true,"href":"https:\/\/www.caririemacao.com\/1\/wp-json\/wp\/v2\/tags?post=148996"}],"curies":[{"name":"wp","href":"https:\/\/api.w.org\/{rel}","templated":true}]}}