{"id":149000,"date":"2020-01-25T07:02:00","date_gmt":"2020-01-25T10:02:00","guid":{"rendered":"http:\/\/www.caririemacao.com\/1\/?p=149000"},"modified":"2020-01-24T22:57:11","modified_gmt":"2020-01-25T01:57:11","slug":"prefeito-silvano-inspeciona-obras-do-balneario-cantata-em-caraubas","status":"publish","type":"post","link":"https:\/\/www.caririemacao.com\/1\/2020\/01\/25\/prefeito-silvano-inspeciona-obras-do-balneario-cantata-em-caraubas\/","title":{"rendered":"Prefeito Silvano inspeciona obras do balne\u00e1rio cantata em Cara\u00fabas"},"content":{"rendered":"\n<p>O prefeito do munic\u00edpio de Cara\u00fabas, Silvano Dudu, esteve na manh\u00e3 desta quinta-feira, dia 23 de Janeiro do corrente, na companhia do secret\u00e1rio do Planejamento, jornalista Eduardo Belo e da engenheira civil do munic\u00edpio, Marina Borges, fiscalizando in loco as obras do balne\u00e1rio Cangati que foram iniciadas semana passada.<\/p>\n\n\n\n<p><br> Uma das obras mais importantes para a infraestrutura tur\u00edstica do munic\u00edpio e com custos na ordem de mais de meio milh\u00e3o de reais ir\u00e1 proporcionar o aumento do fluxo de turistas ao munic\u00edpio depois de pronta e inaugurada. <\/p>\n\n\n\n<p>Teremos a oportunidade de poder entregar ao nosso povo uma das maiores, se n\u00e3o a maior obra da hist\u00f3ria desse munic\u00edpio, falou o prefeito feliz em ver um sonho sendo edificado.<\/p>\n\n\n\n<p><br>O prefeito Silvano relembrou o seu tempo de crian\u00e7a as margens do Rio Para\u00edba e contou que naquele local brincou bastante nos barrancos de areia gigantes formados no leito do rio. Parece n\u00e3o ser verdade o que hoje estamos conseguindo realizar. <\/p>\n\n\n\n<p>Uma obra que desde o seu inicio ir\u00e1 oportunizar aos caraubenses mais de 30(trinta) empregos diretos e dezenas de empregos indiretos, disse ele.<\/p>\n\n\n\n<p>A engenheira Marina Borges conversou com Evaldo da CONSTRUPLAN respons\u00e1vel pela obra e tirou todas as d\u00favidas quando a funda\u00e7\u00e3o da obra, bem como, orientou toda equipe de trabalho quanto aos procedimentos necess\u00e1rios a efetiva\u00e7\u00e3o com sucesso do andamento da obra.<br><\/p>\n\n\n\n<p>Nosso intuito \u00e9 fazer com que essa obra realmente tenha um andamento dentro do cronograma tra\u00e7ado para que possamos dentro do tempo estimado concluirmos as etapas previstas, afirmou Evaldo. <\/p>\n\n\n\n<p>Vamos d\u00e1 a celeridade necess\u00e1ria para atender o mais breve poss\u00edvel ao pedido do munic\u00edpio, concluiu ele.<br><\/p>\n\n\n\n<p>O secret\u00e1rio do Planejamento, Eduardo Belo, afirmou que essa \u00e9 uma obra diferenciada das demais, uma vez que sua estrutura \u00e9 \u00fanica a ser instalada na regi\u00e3o do cariri. <\/p>\n\n\n\n<p>Nesta sexta ou s\u00e1bado chega a nossa cidade a primeira remessa do Gabi\u00e3o que a esp\u00e9cie de um muro que ser\u00e1 instalada na orla do Cangati. <\/p>\n\n\n\n<p>Queremos tranquilizar a popula\u00e7\u00e3o que se tudo transcorrer dentro do previsto teremos em breve essa primeira etapa sendo conclu\u00edda. Segundo ele, a parte que mais poder\u00e1 sofrer atraso ser\u00e1 exatamente a parte do aterro e da compacta\u00e7\u00e3o. Mas j\u00e1 estamos programando com o setor de engenharia uma solu\u00e7\u00e3o r\u00e1pida e segura para essa parte da obra, concluiu Belo. <\/p>\n\n\n\n<p>Fonte: SEPLACOM<br>Foto: Arquivo SEPLACOM<\/p>\n","protected":false},"excerpt":{"rendered":"<p>O prefeito do munic\u00edpio de Cara\u00fabas, Silvano Dudu, esteve na manh\u00e3 desta quinta-feira, dia 23 de Janeiro do corrente, na companhia do secret\u00e1rio do Planejamento,&hellip; <\/p>\n","protected":false},"author":1,"featured_media":149001,"comment_status":"closed","ping_status":"closed","sticky":false,"template":"","format":"standard","meta":{"sfsi_plus_gutenberg_text_before_share":"","sfsi_plus_gutenberg_show_text_before_share":"","sfsi_plus_gutenberg_icon_type":"","sfsi_plus_gutenberg_icon_alignemt":"","sfsi_plus_gutenburg_max_per_row":"","footnotes":""},"categories":[6,50],"tags":[],"class_list":["post-149000","post","type-post","status-publish","format-standard","has-post-thumbnail","hentry","category-cidades","category-destaque"],"_links":{"self":[{"href":"https:\/\/www.caririemacao.com\/1\/wp-json\/wp\/v2\/posts\/149000","targetHints":{"allow":["GET"]}}],"collection":[{"href":"https:\/\/www.caririemacao.com\/1\/wp-json\/wp\/v2\/posts"}],"about":[{"href":"https:\/\/www.caririemacao.com\/1\/wp-json\/wp\/v2\/types\/post"}],"author":[{"embeddable":true,"href":"https:\/\/www.caririemacao.com\/1\/wp-json\/wp\/v2\/users\/1"}],"replies":[{"embeddable":true,"href":"https:\/\/www.caririemacao.com\/1\/wp-json\/wp\/v2\/comments?post=149000"}],"version-history":[{"count":1,"href":"https:\/\/www.caririemacao.com\/1\/wp-json\/wp\/v2\/posts\/149000\/revisions"}],"predecessor-version":[{"id":149002,"href":"https:\/\/www.caririemacao.com\/1\/wp-json\/wp\/v2\/posts\/149000\/revisions\/149002"}],"wp:featuredmedia":[{"embeddable":true,"href":"https:\/\/www.caririemacao.com\/1\/wp-json\/wp\/v2\/media\/149001"}],"wp:attachment":[{"href":"https:\/\/www.caririemacao.com\/1\/wp-json\/wp\/v2\/media?parent=149000"}],"wp:term":[{"taxonomy":"category","embeddable":true,"href":"https:\/\/www.caririemacao.com\/1\/wp-json\/wp\/v2\/categories?post=149000"},{"taxonomy":"post_tag","embeddable":true,"href":"https:\/\/www.caririemacao.com\/1\/wp-json\/wp\/v2\/tags?post=149000"}],"curies":[{"name":"wp","href":"https:\/\/api.w.org\/{rel}","templated":true}]}}