{"id":149005,"date":"2020-01-25T07:03:00","date_gmt":"2020-01-25T10:03:00","guid":{"rendered":"http:\/\/www.caririemacao.com\/1\/?p=149005"},"modified":"2020-01-25T07:05:16","modified_gmt":"2020-01-25T10:05:16","slug":"quadra-de-esportes-do-estadio-jose-valderi-neves-em-caraubas-recebe-estrutura-de-piso","status":"publish","type":"post","link":"https:\/\/www.caririemacao.com\/1\/2020\/01\/25\/quadra-de-esportes-do-estadio-jose-valderi-neves-em-caraubas-recebe-estrutura-de-piso\/","title":{"rendered":"Quadra de esportes do est\u00e1dio Jos\u00e9 Valderi Neves, em Cara\u00fabas, recebe estrutura de piso"},"content":{"rendered":"\n<p>Est\u00e3o avan\u00e7adas as obras da quadra de esportes do Est\u00e1dio Jos\u00e9 Valderi Neves, no munic\u00edpio de Cara\u00fabas. <\/p>\n\n\n\n<p>Iniciada no m\u00eas de dezembro de 2019, pela construtora AF Engenharia. J\u00e1 foram realizadas obras de nivelamento da base, edifica\u00e7\u00e3o dos muros laterais, coloca\u00e7\u00e3o das ponteiras e ontem come\u00e7ou a receber o concretamente do piso que ser\u00e1 revestido de gran\u00edtico.<br><\/p>\n\n\n\n<p>O secret\u00e1rio de Obras, Jos\u00e9 Marcelo, disse que a obra esta em ritmo acelerado e que o cronograma esta rigorosamente sendo cumprido pela empresa. Essa \u00e9 uma das obras mais adiantadas da gest\u00e3o, creio que pelo fato de quase 15(quinze) oper\u00e1rios estarem trabalhando na sua constru\u00e7\u00e3o, disse ele.<br><\/p>\n\n\n\n<p>A engenheira Marina Borges fiscalizou tamb\u00e9m o andamento dessa obra e se mostrou satisfeita com o seu andamento, haja vista o volume de a\u00e7\u00f5es j\u00e1 executadas. Temos aqui uma obra que nos impressiona pelo comprometimento da construtora e da sua m\u00e3o de obra, afirmou ela, sem desmerecer as demais.<br><\/p>\n\n\n\n<p>O prefeito Silvano Dudu tamb\u00e9m acompanhou a visita realizada pela engenheira e demonstrou satisfa\u00e7\u00e3o no que viu. Estaremos agendando para a pr\u00f3xima semana uma caravana do trabalho que ser\u00e1 composta por n\u00f3s, o vice-prefeito, secret\u00e1rios e vereadores. Precisamos mostrar a todos a import\u00e2ncia e o andamento de todas as obras que est\u00e3o sendo realizadas no munic\u00edpio, afirmou ele.<br> <\/p>\n\n\n\n<p>Nesse momento estamos investindo mais de R$ 2.500.000,00(Dois Milh\u00f5es e Quinhentos Mil Reais) de recursos incluindo contra partida do munic\u00edpio em obras importantes e que v\u00e3o alavancar o desenvolvimento social, econ\u00f4mico e de infraestrutura do munic\u00edpio de Cara\u00fabas, disse o prefeito.<br><\/p>\n\n\n\n<p>Essa obra da quadra de esportes do Est\u00e1dio de Futebol Jos\u00e9 Valderi Neves \u00e9 um exemplo do que o munic\u00edpio perdeu no passado com a neglig\u00eancia de um ex-gestor que n\u00e3o teve o compromisso e a compet\u00eancia de concluir e entregar a popula\u00e7\u00e3o um espa\u00e7o para a pratica desportiva. <\/p>\n\n\n\n<p>Vamos conclui-la em breve e fazermos uma grande festa com todos os amantes do esporte amador local. Cara\u00fabas n\u00e3o tem nenhuma quadra ou gin\u00e1sio e nossa gest\u00e3o ir\u00e1 deixar tr\u00eas espa\u00e7os valiosos, sendo 02(dois) gin\u00e1sios e essa quadra, demonstrando nossa preocupa\u00e7\u00e3o com os nossos jovens, adolescentes e adultos que ter\u00e3o um espa\u00e7o adequado para praticarem suas atividades, concluiu o prefeito.<\/p>\n\n\n\n<p>Fonte: SEPLACOM<br>Foto: Arquivo SEPLACOM<\/p>\n","protected":false},"excerpt":{"rendered":"<p>Est\u00e3o avan\u00e7adas as obras da quadra de esportes do Est\u00e1dio Jos\u00e9 Valderi Neves, no munic\u00edpio de Cara\u00fabas. Iniciada no m\u00eas de dezembro de 2019, pela&hellip; <\/p>\n","protected":false},"author":1,"featured_media":149028,"comment_status":"closed","ping_status":"closed","sticky":false,"template":"","format":"standard","meta":{"sfsi_plus_gutenberg_text_before_share":"","sfsi_plus_gutenberg_show_text_before_share":"","sfsi_plus_gutenberg_icon_type":"","sfsi_plus_gutenberg_icon_alignemt":"","sfsi_plus_gutenburg_max_per_row":"","footnotes":""},"categories":[6],"tags":[],"class_list":["post-149005","post","type-post","status-publish","format-standard","has-post-thumbnail","hentry","category-cidades"],"_links":{"self":[{"href":"https:\/\/www.caririemacao.com\/1\/wp-json\/wp\/v2\/posts\/149005","targetHints":{"allow":["GET"]}}],"collection":[{"href":"https:\/\/www.caririemacao.com\/1\/wp-json\/wp\/v2\/posts"}],"about":[{"href":"https:\/\/www.caririemacao.com\/1\/wp-json\/wp\/v2\/types\/post"}],"author":[{"embeddable":true,"href":"https:\/\/www.caririemacao.com\/1\/wp-json\/wp\/v2\/users\/1"}],"replies":[{"embeddable":true,"href":"https:\/\/www.caririemacao.com\/1\/wp-json\/wp\/v2\/comments?post=149005"}],"version-history":[{"count":1,"href":"https:\/\/www.caririemacao.com\/1\/wp-json\/wp\/v2\/posts\/149005\/revisions"}],"predecessor-version":[{"id":149006,"href":"https:\/\/www.caririemacao.com\/1\/wp-json\/wp\/v2\/posts\/149005\/revisions\/149006"}],"wp:featuredmedia":[{"embeddable":true,"href":"https:\/\/www.caririemacao.com\/1\/wp-json\/wp\/v2\/media\/149028"}],"wp:attachment":[{"href":"https:\/\/www.caririemacao.com\/1\/wp-json\/wp\/v2\/media?parent=149005"}],"wp:term":[{"taxonomy":"category","embeddable":true,"href":"https:\/\/www.caririemacao.com\/1\/wp-json\/wp\/v2\/categories?post=149005"},{"taxonomy":"post_tag","embeddable":true,"href":"https:\/\/www.caririemacao.com\/1\/wp-json\/wp\/v2\/tags?post=149005"}],"curies":[{"name":"wp","href":"https:\/\/api.w.org\/{rel}","templated":true}]}}