{"id":149009,"date":"2020-01-25T06:55:12","date_gmt":"2020-01-25T09:55:12","guid":{"rendered":"http:\/\/www.caririemacao.com\/1\/?p=149009"},"modified":"2020-01-25T06:55:14","modified_gmt":"2020-01-25T09:55:14","slug":"gestao-de-camalau-promovera-semana-de-formacao-para-professores-da-rede-publica-municipal","status":"publish","type":"post","link":"https:\/\/www.caririemacao.com\/1\/2020\/01\/25\/gestao-de-camalau-promovera-semana-de-formacao-para-professores-da-rede-publica-municipal\/","title":{"rendered":"Gest\u00e3o de Camala\u00fa promover\u00e1 semana de forma\u00e7\u00e3o para professores da rede p\u00fablica municipal"},"content":{"rendered":"\n<p>Entre os dias 28 e 31 de janeiro a Prefeitura Municipal de Camala\u00fa, atrav\u00e9s da Secretaria de Educa\u00e7\u00e3o, ir\u00e1 promover mais uma semana de forma\u00e7\u00e3o dos professores da rede p\u00fablica municipal.<\/p>\n\n\n\n<p><br>Atrav\u00e9s de sele\u00e7\u00f5es criteriosas na equipe t\u00e9cnica formadora, a gest\u00e3o &#8220;Uma Nova Hist\u00f3ria&#8221;, tem tornado as suas forma\u00e7\u00f5es um referencial para toda a regi\u00e3o, possibilitando a vinda de renomados profissionais para o munic\u00edpio, al\u00e9m de valorizar em todas as edi\u00e7\u00f5es, mun\u00edcipes camalauenses que se destacam na \u00e1rea da educa\u00e7\u00e3o.<\/p>\n\n\n\n<p><br>Importante se dar destaque para as a\u00e7\u00f5es do Prefeito Sandro M\u00f4co e do vice prefeito Kiel, al\u00e9m da secret\u00e1ria de educa\u00e7\u00e3o do munic\u00edpio Sandra Freitas pela sensibilidade para com as demandas da educa\u00e7\u00e3o e percep\u00e7\u00e3o quanto a import\u00e2ncia que esse seguimento do setor p\u00fablico tem no crescimento e no desenvolvimento do nosso munic\u00edpio.<br><\/p>\n\n\n\n<p><strong>F\u00c1BIO BRITO<\/strong><\/p>\n","protected":false},"excerpt":{"rendered":"<p>Entre os dias 28 e 31 de janeiro a Prefeitura Municipal de Camala\u00fa, atrav\u00e9s da Secretaria de Educa\u00e7\u00e3o, ir\u00e1 promover mais uma semana de forma\u00e7\u00e3o&hellip; <\/p>\n","protected":false},"author":1,"featured_media":149010,"comment_status":"closed","ping_status":"closed","sticky":false,"template":"","format":"standard","meta":{"sfsi_plus_gutenberg_text_before_share":"","sfsi_plus_gutenberg_show_text_before_share":"","sfsi_plus_gutenberg_icon_type":"","sfsi_plus_gutenberg_icon_alignemt":"","sfsi_plus_gutenburg_max_per_row":"","footnotes":""},"categories":[2],"tags":[],"class_list":["post-149009","post","type-post","status-publish","format-standard","has-post-thumbnail","hentry","category-geral"],"_links":{"self":[{"href":"https:\/\/www.caririemacao.com\/1\/wp-json\/wp\/v2\/posts\/149009","targetHints":{"allow":["GET"]}}],"collection":[{"href":"https:\/\/www.caririemacao.com\/1\/wp-json\/wp\/v2\/posts"}],"about":[{"href":"https:\/\/www.caririemacao.com\/1\/wp-json\/wp\/v2\/types\/post"}],"author":[{"embeddable":true,"href":"https:\/\/www.caririemacao.com\/1\/wp-json\/wp\/v2\/users\/1"}],"replies":[{"embeddable":true,"href":"https:\/\/www.caririemacao.com\/1\/wp-json\/wp\/v2\/comments?post=149009"}],"version-history":[{"count":1,"href":"https:\/\/www.caririemacao.com\/1\/wp-json\/wp\/v2\/posts\/149009\/revisions"}],"predecessor-version":[{"id":149011,"href":"https:\/\/www.caririemacao.com\/1\/wp-json\/wp\/v2\/posts\/149009\/revisions\/149011"}],"wp:featuredmedia":[{"embeddable":true,"href":"https:\/\/www.caririemacao.com\/1\/wp-json\/wp\/v2\/media\/149010"}],"wp:attachment":[{"href":"https:\/\/www.caririemacao.com\/1\/wp-json\/wp\/v2\/media?parent=149009"}],"wp:term":[{"taxonomy":"category","embeddable":true,"href":"https:\/\/www.caririemacao.com\/1\/wp-json\/wp\/v2\/categories?post=149009"},{"taxonomy":"post_tag","embeddable":true,"href":"https:\/\/www.caririemacao.com\/1\/wp-json\/wp\/v2\/tags?post=149009"}],"curies":[{"name":"wp","href":"https:\/\/api.w.org\/{rel}","templated":true}]}}