{"id":149014,"date":"2020-01-25T06:59:57","date_gmt":"2020-01-25T09:59:57","guid":{"rendered":"http:\/\/www.caririemacao.com\/1\/?p=149014"},"modified":"2020-01-25T06:59:59","modified_gmt":"2020-01-25T09:59:59","slug":"gestao-de-sao-sebastiao-do-umbuzeiro-inicia-novas-obras-e-realiza-serie-de-acoes-no-mes-de-janeiro","status":"publish","type":"post","link":"https:\/\/www.caririemacao.com\/1\/2020\/01\/25\/gestao-de-sao-sebastiao-do-umbuzeiro-inicia-novas-obras-e-realiza-serie-de-acoes-no-mes-de-janeiro\/","title":{"rendered":"Gest\u00e3o de S\u00e3o Sebasti\u00e3o do Umbuzeiro inicia novas obras e realiza s\u00e9rie de a\u00e7\u00f5es no m\u00eas de Janeiro"},"content":{"rendered":"\n<figure class=\"wp-block-image\"><img decoding=\"async\" data-src=\"https:\/\/scontent.fcpv1-1.fna.fbcdn.net\/v\/t1.0-9\/82536255_2684230385025763_7539775333910708224_n.jpg?_nc_cat=106&amp;_nc_eui2=AeFiAuCWtGYJQGs31KbP4gIsaox_2iixbsha0XZhE7etzpQCa9tpOKvzpa1W7qSy1RJBU2xUxcxy_D0HEhrbMaZIBPBhK4DkvoXpwzV0Hi2OpQ&amp;_nc_ohc=yCM2G89NDAcAX8xsOVZ&amp;_nc_ht=scontent.fcpv1-1.fna&amp;oh=46dc76770ad8ae6bbff9451370d60221&amp;oe=5E93E802\" alt=\"A imagem pode conter: 5 pessoas, incluindo Adriano Wolff e Juninho Pedro, pessoas sorrindo, pessoas em p\u00e9 e multid\u00e3o\" src=\"data:image\/svg+xml;base64,PHN2ZyB3aWR0aD0iMSIgaGVpZ2h0PSIxIiB4bWxucz0iaHR0cDovL3d3dy53My5vcmcvMjAwMC9zdmciPjwvc3ZnPg==\" class=\"lazyload\" \/><\/figure>\n\n\n\n<p><\/p>\n\n\n\n<figure class=\"wp-block-image\"><a href=\"https:\/\/1.bp.blogspot.com\/-ak848pZy0n0\/XitPb1UuAQI\/AAAAAAAAHZM\/0VFz7NTWoOEPQjrlr-ayo7hdE6mCn7iiQCLcBGAsYHQ\/s1600\/1.jpg\"><img decoding=\"async\" data-src=\"https:\/\/1.bp.blogspot.com\/-ak848pZy0n0\/XitPb1UuAQI\/AAAAAAAAHZM\/0VFz7NTWoOEPQjrlr-ayo7hdE6mCn7iiQCLcBGAsYHQ\/s280\/1.jpg\" alt=\"\" src=\"data:image\/svg+xml;base64,PHN2ZyB3aWR0aD0iMSIgaGVpZ2h0PSIxIiB4bWxucz0iaHR0cDovL3d3dy53My5vcmcvMjAwMC9zdmciPjwvc3ZnPg==\" class=\"lazyload\" \/><\/a><\/figure>\n\n\n\n<p>Mais a\u00e7\u00f5es estruturantes est\u00e3o sendo realizadas pela Prefeitura Municipal de S\u00e3o Sebasti\u00e3o do Umbuzeiro.<\/p>\n\n\n\n<p><br>Depois de apoiar a organiza\u00e7\u00e3o da maior festa de padroeiro do Brasil, a gest\u00e3o municipal n\u00e3o tirou o foco das a\u00e7\u00f5es administrativas e n\u00e3o parou com o ritmo acelerado de realiza\u00e7\u00e3o de a\u00e7\u00f5es e benef\u00edcios para o munic\u00edpio.<\/p>\n\n\n\n<p><br>Durante a programa\u00e7\u00e3o da festa inclusive foi assinada a ordem de servi\u00e7o para constru\u00e7\u00e3o de mais de 40 banheiros na zona rural de S\u00e3o Sebasti\u00e3o do Umbuzeiro<br>Tamb\u00e9m foram entregues durante a semana dos festejos do padroeiro, os novos fardamentos da Banda Filam\u00f4nica 08 de Junho e confirmada a constru\u00e7\u00e3o de 65 cisternas de placa na zona rural do munic\u00edpio.<\/p>\n\n\n\n<p><br>Na tarde desta ter\u00e7a-feira dia 21 de Janeiro, a Prefeitura Municipal de S\u00e3o Sebasti\u00e3o do Umbuzeiro, atrav\u00e9s da Secretaria Municipal de A\u00e7\u00e3o Social e do Desenvolvimento Humano, fez uma parceria com o Parque de divers\u00f5es Cust\u00f3dia, e proporcionou a todas as crian\u00e7as S\u00e3o-Sebastianense, o acesso gratuito aos brinquedos.<\/p>\n\n\n\n<p><br>E esta semana ainda, foram iniciadas as obras de pavimenta\u00e7\u00e3o da Rua S\u00e1tiro Feitosa, uma antiga reivindica\u00e7\u00e3o da popula\u00e7\u00e3o e que agora se torna realidade.<br>De acordo com o prefeito Adriano Wolff, outras obras, inclusive pavimenta\u00e7\u00f5es estar\u00e3o sendo confirmadas e iniciadas nos pr\u00f3ximos dias para que o ritmo de a\u00e7\u00f5es ben\u00e9ficas para a popula\u00e7\u00e3o continue constante.<\/p>\n\n\n\n<p><br>\u201cO m\u00eas de Janeiro \u00e9 um m\u00eas onde acontece a nossa grande festa, e paralelo a isto, n\u00f3s continuamos com o ritmo constante de trabalho. As a\u00e7\u00f5es n\u00e3o podem parar e vir\u00e3o mais novidades em breve por a\u00ed\u201d, disse o gestor s\u00e3osebastianense.<\/p>\n","protected":false},"excerpt":{"rendered":"<p>Mais a\u00e7\u00f5es estruturantes est\u00e3o sendo realizadas pela Prefeitura Municipal de S\u00e3o Sebasti\u00e3o do Umbuzeiro. Depois de apoiar a organiza\u00e7\u00e3o da maior festa de padroeiro do&hellip; <\/p>\n","protected":false},"author":1,"featured_media":149015,"comment_status":"closed","ping_status":"closed","sticky":false,"template":"","format":"standard","meta":{"sfsi_plus_gutenberg_text_before_share":"","sfsi_plus_gutenberg_show_text_before_share":"","sfsi_plus_gutenberg_icon_type":"","sfsi_plus_gutenberg_icon_alignemt":"","sfsi_plus_gutenburg_max_per_row":"","footnotes":""},"categories":[6],"tags":[],"class_list":["post-149014","post","type-post","status-publish","format-standard","has-post-thumbnail","hentry","category-cidades"],"_links":{"self":[{"href":"https:\/\/www.caririemacao.com\/1\/wp-json\/wp\/v2\/posts\/149014","targetHints":{"allow":["GET"]}}],"collection":[{"href":"https:\/\/www.caririemacao.com\/1\/wp-json\/wp\/v2\/posts"}],"about":[{"href":"https:\/\/www.caririemacao.com\/1\/wp-json\/wp\/v2\/types\/post"}],"author":[{"embeddable":true,"href":"https:\/\/www.caririemacao.com\/1\/wp-json\/wp\/v2\/users\/1"}],"replies":[{"embeddable":true,"href":"https:\/\/www.caririemacao.com\/1\/wp-json\/wp\/v2\/comments?post=149014"}],"version-history":[{"count":1,"href":"https:\/\/www.caririemacao.com\/1\/wp-json\/wp\/v2\/posts\/149014\/revisions"}],"predecessor-version":[{"id":149016,"href":"https:\/\/www.caririemacao.com\/1\/wp-json\/wp\/v2\/posts\/149014\/revisions\/149016"}],"wp:featuredmedia":[{"embeddable":true,"href":"https:\/\/www.caririemacao.com\/1\/wp-json\/wp\/v2\/media\/149015"}],"wp:attachment":[{"href":"https:\/\/www.caririemacao.com\/1\/wp-json\/wp\/v2\/media?parent=149014"}],"wp:term":[{"taxonomy":"category","embeddable":true,"href":"https:\/\/www.caririemacao.com\/1\/wp-json\/wp\/v2\/categories?post=149014"},{"taxonomy":"post_tag","embeddable":true,"href":"https:\/\/www.caririemacao.com\/1\/wp-json\/wp\/v2\/tags?post=149014"}],"curies":[{"name":"wp","href":"https:\/\/api.w.org\/{rel}","templated":true}]}}