{"id":149019,"date":"2020-01-25T07:04:01","date_gmt":"2020-01-25T10:04:01","guid":{"rendered":"http:\/\/www.caririemacao.com\/1\/?p=149019"},"modified":"2020-01-25T07:04:03","modified_gmt":"2020-01-25T10:04:03","slug":"aracao-de-terra-prefeitura-de-prata-da-inicio-ao-maior-programa-da-historia-do-municipio","status":"publish","type":"post","link":"https:\/\/www.caririemacao.com\/1\/2020\/01\/25\/aracao-de-terra-prefeitura-de-prata-da-inicio-ao-maior-programa-da-historia-do-municipio\/","title":{"rendered":"Ara\u00e7\u00e3o de terra: prefeitura de Prata da in\u00edcio ao maior programa da hist\u00f3ria do munic\u00edpio"},"content":{"rendered":"\n<p>A Prefeitura de Prata\u00a0 come\u00e7ou nesta quarta-feira, dia 22 de janeiro , mais um programa de ara\u00e7\u00e3o de terras. <\/p>\n\n\n\n<p>O prefeito Junior N\u00f3brega junto com o secret\u00e1rio de agricultura Genivaldo Fernandes,sempre em aten\u00e7\u00e3o especial ao homem do campo, d\u00e1 as condi\u00e7\u00f5es necess\u00e1rias para preparar o solo do agricultor pratense atrav\u00e9s do programa que j\u00e1 \u00e9 tradi\u00e7\u00e3o da gest\u00e3o. A expectativa para este ano \u00e9 que mais de mil hectares de terra seja arado.<\/p>\n\n\n\n<figure class=\"wp-block-image\"><a href=\"https:\/\/1.bp.blogspot.com\/-J67tT95rU6I\/Xihq62XbgFI\/AAAAAAABVHY\/BqA2P3JGTQsMxXInFNDM-t_vPSGBUBKBQCLcBGAsYHQ\/s1600\/IMG-20200122-WA0073.jpg\"><img decoding=\"async\" data-src=\"https:\/\/1.bp.blogspot.com\/-J67tT95rU6I\/Xihq62XbgFI\/AAAAAAABVHY\/BqA2P3JGTQsMxXInFNDM-t_vPSGBUBKBQCLcBGAsYHQ\/s320\/IMG-20200122-WA0073.jpg\" alt=\"\" src=\"data:image\/svg+xml;base64,PHN2ZyB3aWR0aD0iMSIgaGVpZ2h0PSIxIiB4bWxucz0iaHR0cDovL3d3dy53My5vcmcvMjAwMC9zdmciPjwvc3ZnPg==\" class=\"lazyload\" \/><\/a><\/figure>\n\n\n\n<figure class=\"wp-block-image\"><a href=\"https:\/\/1.bp.blogspot.com\/-bt7dJ6aMFMM\/Xihq_6EvcdI\/AAAAAAABVHc\/ax6JY4DWgu0pmDk-xfePQAC2cCfJ3C2JgCLcBGAsYHQ\/s1600\/IMG-20200122-WA0074.jpg\"><img decoding=\"async\" data-src=\"https:\/\/1.bp.blogspot.com\/-bt7dJ6aMFMM\/Xihq_6EvcdI\/AAAAAAABVHc\/ax6JY4DWgu0pmDk-xfePQAC2cCfJ3C2JgCLcBGAsYHQ\/s320\/IMG-20200122-WA0074.jpg\" alt=\"\" src=\"data:image\/svg+xml;base64,PHN2ZyB3aWR0aD0iMSIgaGVpZ2h0PSIxIiB4bWxucz0iaHR0cDovL3d3dy53My5vcmcvMjAwMC9zdmciPjwvc3ZnPg==\" class=\"lazyload\" \/><\/a><\/figure>\n\n\n\n<p>Com a chegada das chuvas, o programa realizado pelo prefeito Junior N\u00f3brega garante o preparo mecanizado da terra para lavouras em toda a zona rural do munic\u00edpio.<\/p>\n","protected":false},"excerpt":{"rendered":"<p>A Prefeitura de Prata\u00a0 come\u00e7ou nesta quarta-feira, dia 22 de janeiro , mais um programa de ara\u00e7\u00e3o de terras. O prefeito Junior N\u00f3brega junto com&hellip; <\/p>\n","protected":false},"author":1,"featured_media":149023,"comment_status":"closed","ping_status":"closed","sticky":false,"template":"","format":"standard","meta":{"sfsi_plus_gutenberg_text_before_share":"","sfsi_plus_gutenberg_show_text_before_share":"","sfsi_plus_gutenberg_icon_type":"","sfsi_plus_gutenberg_icon_alignemt":"","sfsi_plus_gutenburg_max_per_row":"","footnotes":""},"categories":[6],"tags":[],"class_list":["post-149019","post","type-post","status-publish","format-standard","has-post-thumbnail","hentry","category-cidades"],"_links":{"self":[{"href":"https:\/\/www.caririemacao.com\/1\/wp-json\/wp\/v2\/posts\/149019","targetHints":{"allow":["GET"]}}],"collection":[{"href":"https:\/\/www.caririemacao.com\/1\/wp-json\/wp\/v2\/posts"}],"about":[{"href":"https:\/\/www.caririemacao.com\/1\/wp-json\/wp\/v2\/types\/post"}],"author":[{"embeddable":true,"href":"https:\/\/www.caririemacao.com\/1\/wp-json\/wp\/v2\/users\/1"}],"replies":[{"embeddable":true,"href":"https:\/\/www.caririemacao.com\/1\/wp-json\/wp\/v2\/comments?post=149019"}],"version-history":[{"count":1,"href":"https:\/\/www.caririemacao.com\/1\/wp-json\/wp\/v2\/posts\/149019\/revisions"}],"predecessor-version":[{"id":149024,"href":"https:\/\/www.caririemacao.com\/1\/wp-json\/wp\/v2\/posts\/149019\/revisions\/149024"}],"wp:featuredmedia":[{"embeddable":true,"href":"https:\/\/www.caririemacao.com\/1\/wp-json\/wp\/v2\/media\/149023"}],"wp:attachment":[{"href":"https:\/\/www.caririemacao.com\/1\/wp-json\/wp\/v2\/media?parent=149019"}],"wp:term":[{"taxonomy":"category","embeddable":true,"href":"https:\/\/www.caririemacao.com\/1\/wp-json\/wp\/v2\/categories?post=149019"},{"taxonomy":"post_tag","embeddable":true,"href":"https:\/\/www.caririemacao.com\/1\/wp-json\/wp\/v2\/tags?post=149019"}],"curies":[{"name":"wp","href":"https:\/\/api.w.org\/{rel}","templated":true}]}}